{"id":53758,"date":"2019-06-10T10:18:08","date_gmt":"2019-06-10T13:18:08","guid":{"rendered":"http:\/\/vinasfm.com\/noticias\/?p=53758"},"modified":"2019-06-10T10:26:25","modified_gmt":"2019-06-10T13:26:25","slug":"dos-detenidos-con-armas-de-fuego-durante-un-control-vehicular","status":"publish","type":"post","link":"https:\/\/vinasfm.com\/noticias\/dos-detenidos-con-armas-de-fuego-durante-un-control-vehicular\/","title":{"rendered":"DOS DETENIDOS CON ARMAS DE FUEGO DURANTE UN CONTROL VEHICULAR"},"content":{"rendered":"<h4><strong>Gracias a un control que realiz\u00f3 Polic\u00eda Rural en Ruta 202 en horas de la ma\u00f1ana de este domingo dos automovilistas fueron imputados por portar armas y cartuchos varios.<\/strong><\/h4>\n<p>A las <strong>11:13h del d\u00eda de ayer<\/strong> se procedi\u00f3 a controlar en <strong>Ruta 202<\/strong>, <strong>Monte Com\u00e1n<\/strong>, a una camioneta <strong>Toyota Hilux<\/strong> en la que se desplazaban dos masculinos de <strong>51<\/strong> y <strong>57 a\u00f1os de edad<\/strong>. Al requisar el rodado secuestraron <strong>un arma de fuego tipo pistola calibre 40<\/strong>, <strong>una caja con m\u00e1s de 25 cartuchos<\/strong> del mismo calibre, <strong>una carabina calibre 22 semiautom\u00e1tica<\/strong> y <strong>dos cajas con m\u00e1s de 20 cartuchos<\/strong> del mismo calibre.<\/p>\n<p>Los aprehendidos y los secuestros fueron trasladados a <strong>Comisar\u00eda 64\u00b0 de Monte Com\u00e1n<\/strong> donde se labraron actuaciones en \u201c<em>Averiguaci\u00f3n tenencia y portaci\u00f3n ilegal de arma de fuego<\/em>\u201d.<\/p>\n<h5><em>F.B. (Redacci\u00f3n F.M. Vi\u00f1as).<\/em><\/h5>\n","protected":false},"excerpt":{"rendered":"<p>Gracias a un control que realiz\u00f3 Polic\u00eda Rural en Ruta 202 en horas de la ma\u00f1ana de este domingo dos automovilistas &#8230;<\/p>\n","protected":false},"author":5,"featured_media":35957,"comment_status":"open","ping_status":"open","sticky":false,"template":"","format":"standard","meta":{"footnotes":""},"categories":[5,4],"tags":[],"class_list":["post-53758","post","type-post","status-publish","format-standard","has-post-thumbnail","hentry","category-actualidad","category-policiales"],"_links":{"self":[{"href":"https:\/\/vinasfm.com\/noticias\/wp-json\/wp\/v2\/posts\/53758","targetHints":{"allow":["GET"]}}],"collection":[{"href":"https:\/\/vinasfm.com\/noticias\/wp-json\/wp\/v2\/posts"}],"about":[{"href":"https:\/\/vinasfm.com\/noticias\/wp-json\/wp\/v2\/types\/post"}],"author":[{"embeddable":true,"href":"https:\/\/vinasfm.com\/noticias\/wp-json\/wp\/v2\/users\/5"}],"replies":[{"embeddable":true,"href":"https:\/\/vinasfm.com\/noticias\/wp-json\/wp\/v2\/comments?post=53758"}],"version-history":[{"count":1,"href":"https:\/\/vinasfm.com\/noticias\/wp-json\/wp\/v2\/posts\/53758\/revisions"}],"predecessor-version":[{"id":53759,"href":"https:\/\/vinasfm.com\/noticias\/wp-json\/wp\/v2\/posts\/53758\/revisions\/53759"}],"wp:featuredmedia":[{"embeddable":true,"href":"https:\/\/vinasfm.com\/noticias\/wp-json\/wp\/v2\/media\/35957"}],"wp:attachment":[{"href":"https:\/\/vinasfm.com\/noticias\/wp-json\/wp\/v2\/media?parent=53758"}],"wp:term":[{"taxonomy":"category","embeddable":true,"href":"https:\/\/vinasfm.com\/noticias\/wp-json\/wp\/v2\/categories?post=53758"},{"taxonomy":"post_tag","embeddable":true,"href":"https:\/\/vinasfm.com\/noticias\/wp-json\/wp\/v2\/tags?post=53758"}],"curies":[{"name":"wp","href":"https:\/\/api.w.org\/{rel}","templated":true}]}}