{"id":53723,"date":"2019-06-08T11:44:53","date_gmt":"2019-06-08T14:44:53","guid":{"rendered":"http:\/\/vinasfm.com\/noticias\/?p=53723"},"modified":"2019-06-10T09:05:50","modified_gmt":"2019-06-10T12:05:50","slug":"se-presento-la-red-de-educacion-y-salud-de-atencion-temprana-2019","status":"publish","type":"post","link":"https:\/\/vinasfm.com\/noticias\/se-presento-la-red-de-educacion-y-salud-de-atencion-temprana-2019\/","title":{"rendered":"SE PRESENT\u00d3 LA RED DE EDUCACI\u00d3N Y SALUD DE ATENCI\u00d3N TEMPRANA 2019"},"content":{"rendered":"<h4><strong>Se realizo el Encuentro de trabajo de la Red de Atenci\u00f3n Temprana y Salud, en el SUM de Osep. Con el objetivo de reunirse todos los integrantes que hacen posible el trabajo para la primera infancia de nuestra comunidad, desde el \u00e1mbito salud y educaci\u00f3n.<\/strong><\/h4>\n<p>Se hicieron presentes docentes y directivos de las tres escuelas especiales del departamento: <em>Esc. Araneo<\/em>, <em>Luis Morzone<\/em> y <em>Ana Mar\u00eda Polito<\/em> y la <strong>Coordinadora Regional de AT<\/strong>. Como as\u00ed tambi\u00e9n directivos y docentes de jardines maternales (<strong><em>SEOS<\/em><\/strong>).<\/p>\n<p>Participaron profesionales de la salud que intervienen en los centros de salud, enfermeras, agentes sanitarios y trabajadora social.<\/p>\n<p>Se invit\u00f3 a concejales y funcionarios del municipio y del hospital con el fin de hacerles llegar nuestra necesidad e inquietud acerca de los profesionales que se precisan para los prontos diagn\u00f3sticos de nuestros ni\u00f1os en el departamento, lo que facilitar\u00eda los abordajes tempranos.<\/p>\n<h5><em>F.B. (Redacci\u00f3n F.M. Vi\u00f1as).<\/em><\/h5>\n","protected":false},"excerpt":{"rendered":"<p>Se realizo el Encuentro de trabajo de la Red de Atenci\u00f3n Temprana y Salud, en el SUM de Osep. Con el &#8230;<\/p>\n","protected":false},"author":5,"featured_media":53724,"comment_status":"open","ping_status":"open","sticky":false,"template":"","format":"standard","meta":{"footnotes":""},"categories":[5,15],"tags":[],"class_list":["post-53723","post","type-post","status-publish","format-standard","has-post-thumbnail","hentry","category-actualidad","category-salud"],"_links":{"self":[{"href":"https:\/\/vinasfm.com\/noticias\/wp-json\/wp\/v2\/posts\/53723","targetHints":{"allow":["GET"]}}],"collection":[{"href":"https:\/\/vinasfm.com\/noticias\/wp-json\/wp\/v2\/posts"}],"about":[{"href":"https:\/\/vinasfm.com\/noticias\/wp-json\/wp\/v2\/types\/post"}],"author":[{"embeddable":true,"href":"https:\/\/vinasfm.com\/noticias\/wp-json\/wp\/v2\/users\/5"}],"replies":[{"embeddable":true,"href":"https:\/\/vinasfm.com\/noticias\/wp-json\/wp\/v2\/comments?post=53723"}],"version-history":[{"count":1,"href":"https:\/\/vinasfm.com\/noticias\/wp-json\/wp\/v2\/posts\/53723\/revisions"}],"predecessor-version":[{"id":53725,"href":"https:\/\/vinasfm.com\/noticias\/wp-json\/wp\/v2\/posts\/53723\/revisions\/53725"}],"wp:featuredmedia":[{"embeddable":true,"href":"https:\/\/vinasfm.com\/noticias\/wp-json\/wp\/v2\/media\/53724"}],"wp:attachment":[{"href":"https:\/\/vinasfm.com\/noticias\/wp-json\/wp\/v2\/media?parent=53723"}],"wp:term":[{"taxonomy":"category","embeddable":true,"href":"https:\/\/vinasfm.com\/noticias\/wp-json\/wp\/v2\/categories?post=53723"},{"taxonomy":"post_tag","embeddable":true,"href":"https:\/\/vinasfm.com\/noticias\/wp-json\/wp\/v2\/tags?post=53723"}],"curies":[{"name":"wp","href":"https:\/\/api.w.org\/{rel}","templated":true}]}}