{"id":53719,"date":"2019-06-08T11:20:49","date_gmt":"2019-06-08T14:20:49","guid":{"rendered":"http:\/\/vinasfm.com\/noticias\/?p=53719"},"modified":"2019-06-08T11:20:49","modified_gmt":"2019-06-08T14:20:49","slug":"tentativa-de-robo-dos-delincuentes-fueron-aprehendidos-in-fraganti","status":"publish","type":"post","link":"https:\/\/vinasfm.com\/noticias\/tentativa-de-robo-dos-delincuentes-fueron-aprehendidos-in-fraganti\/","title":{"rendered":"TENTATIVA DE ROBO: DOS DELINCUENTES FUERON APREHENDIDOS IN FRAGANTI"},"content":{"rendered":"<h4><strong>A las 23:00h de este viernes, en una vivienda situada en la intersecci\u00f3n de calles Arist\u00f3bulo del Valle y Rep\u00fablica de Siria, personal policial sorprendi\u00f3 a dos masculinos que egresaban de la propiedad con elementos de valor.<\/strong><\/h4>\n<p>Seg\u00fan inform\u00f3 el <strong>Sub Comisario Miguel Quiroga<\/strong>, el il\u00edcito a la propiedad se trunc\u00f3 gracias al r\u00e1pido accionar policial que se desplaz\u00f3 tras ser alertado por un llamado al <strong>911<\/strong>. Al arribar al domicilio, los uniformados, requisaron a <strong>dos sujetos que acababan de saltar la pared medianera de la vivienda<\/strong> despu\u00e9s de haberse alzado con <strong><em>alhajas\u00a0 varias<\/em><\/strong>. A posterior se constat\u00f3 que los delincuentes rompieron una puerta para ingresar.<\/p>\n<p>Ambos fueron trasladados a <strong>Comisar\u00eda 14\u00b0<\/strong> donde est\u00e1n bajo instrucci\u00f3n de la <strong>Unidad Fiscal<\/strong>.<\/p>\n<h5><em>F.B. (Redacci\u00f3n F.M. Vi\u00f1as).<\/em><\/h5>\n","protected":false},"excerpt":{"rendered":"<p>A las 23:00h de este viernes, en una vivienda situada en la intersecci\u00f3n de calles Arist\u00f3bulo del Valle y Rep\u00fablica de &#8230;<\/p>\n","protected":false},"author":5,"featured_media":45740,"comment_status":"open","ping_status":"open","sticky":false,"template":"","format":"standard","meta":{"footnotes":""},"categories":[5,7],"tags":[],"class_list":["post-53719","post","type-post","status-publish","format-standard","has-post-thumbnail","hentry","category-actualidad","category-politica"],"_links":{"self":[{"href":"https:\/\/vinasfm.com\/noticias\/wp-json\/wp\/v2\/posts\/53719","targetHints":{"allow":["GET"]}}],"collection":[{"href":"https:\/\/vinasfm.com\/noticias\/wp-json\/wp\/v2\/posts"}],"about":[{"href":"https:\/\/vinasfm.com\/noticias\/wp-json\/wp\/v2\/types\/post"}],"author":[{"embeddable":true,"href":"https:\/\/vinasfm.com\/noticias\/wp-json\/wp\/v2\/users\/5"}],"replies":[{"embeddable":true,"href":"https:\/\/vinasfm.com\/noticias\/wp-json\/wp\/v2\/comments?post=53719"}],"version-history":[{"count":1,"href":"https:\/\/vinasfm.com\/noticias\/wp-json\/wp\/v2\/posts\/53719\/revisions"}],"predecessor-version":[{"id":53720,"href":"https:\/\/vinasfm.com\/noticias\/wp-json\/wp\/v2\/posts\/53719\/revisions\/53720"}],"wp:featuredmedia":[{"embeddable":true,"href":"https:\/\/vinasfm.com\/noticias\/wp-json\/wp\/v2\/media\/45740"}],"wp:attachment":[{"href":"https:\/\/vinasfm.com\/noticias\/wp-json\/wp\/v2\/media?parent=53719"}],"wp:term":[{"taxonomy":"category","embeddable":true,"href":"https:\/\/vinasfm.com\/noticias\/wp-json\/wp\/v2\/categories?post=53719"},{"taxonomy":"post_tag","embeddable":true,"href":"https:\/\/vinasfm.com\/noticias\/wp-json\/wp\/v2\/tags?post=53719"}],"curies":[{"name":"wp","href":"https:\/\/api.w.org\/{rel}","templated":true}]}}