{"id":53358,"date":"2019-05-30T07:54:14","date_gmt":"2019-05-30T10:54:14","guid":{"rendered":"http:\/\/vinasfm.com\/noticias\/?p=53358"},"modified":"2019-05-31T09:32:52","modified_gmt":"2019-05-31T12:32:52","slug":"se-ausento-dos-semanas-y-le-desvalijaron-su-vivienda","status":"publish","type":"post","link":"https:\/\/vinasfm.com\/noticias\/se-ausento-dos-semanas-y-le-desvalijaron-su-vivienda\/","title":{"rendered":"SE AUSENT\u00d3 DOS SEMANAS Y LE DESVALIJARON SU VIVIENDA"},"content":{"rendered":"<h4><strong>Un il\u00edcito contra la propiedad se produjo en una vivienda en calle Uspallata al 519 en los \u00faltimos quince d\u00edas mientras la propietaria se encontraba ausente. <\/strong><\/h4>\n<p>Este jueves, una mujer mayor de edad denunci\u00f3 que de su casa autores desconocidos sustrajeron <strong><em>un Televisor 32\u201d<\/em><\/strong>, <strong><em>un home theater<\/em><\/strong>, <strong><em>un microondas<\/em><\/strong>, <strong><em>elementos de vajilla<\/em><\/strong>, <strong><em>calzado<\/em><\/strong> y <strong><em>ropas varias<\/em><\/strong>. Para ingresar, <strong>los malvivientes rompieron el vidrio de una de las ventanas<\/strong> de la propiedad.<\/p>\n<p>El hecho se judicializ\u00f3 en \u00abAveriguaci\u00f3n robo\u00bb bajo instrucci\u00f3n de la <strong>Unidad Fiscal<\/strong> de <strong>Comisar\u00eda 14\u00b0<\/strong>.<\/p>\n<h5><em>F.B. (Redacci\u00f3n F.M. Vi\u00f1as).<\/em><\/h5>\n","protected":false},"excerpt":{"rendered":"<p>Un il\u00edcito contra la propiedad se produjo en una vivienda en calle Uspallata al 519 en los \u00faltimos quince d\u00edas mientras &#8230;<\/p>\n","protected":false},"author":5,"featured_media":46754,"comment_status":"open","ping_status":"open","sticky":false,"template":"","format":"standard","meta":{"footnotes":""},"categories":[5,4],"tags":[],"class_list":["post-53358","post","type-post","status-publish","format-standard","has-post-thumbnail","hentry","category-actualidad","category-policiales"],"_links":{"self":[{"href":"https:\/\/vinasfm.com\/noticias\/wp-json\/wp\/v2\/posts\/53358","targetHints":{"allow":["GET"]}}],"collection":[{"href":"https:\/\/vinasfm.com\/noticias\/wp-json\/wp\/v2\/posts"}],"about":[{"href":"https:\/\/vinasfm.com\/noticias\/wp-json\/wp\/v2\/types\/post"}],"author":[{"embeddable":true,"href":"https:\/\/vinasfm.com\/noticias\/wp-json\/wp\/v2\/users\/5"}],"replies":[{"embeddable":true,"href":"https:\/\/vinasfm.com\/noticias\/wp-json\/wp\/v2\/comments?post=53358"}],"version-history":[{"count":1,"href":"https:\/\/vinasfm.com\/noticias\/wp-json\/wp\/v2\/posts\/53358\/revisions"}],"predecessor-version":[{"id":53363,"href":"https:\/\/vinasfm.com\/noticias\/wp-json\/wp\/v2\/posts\/53358\/revisions\/53363"}],"wp:featuredmedia":[{"embeddable":true,"href":"https:\/\/vinasfm.com\/noticias\/wp-json\/wp\/v2\/media\/46754"}],"wp:attachment":[{"href":"https:\/\/vinasfm.com\/noticias\/wp-json\/wp\/v2\/media?parent=53358"}],"wp:term":[{"taxonomy":"category","embeddable":true,"href":"https:\/\/vinasfm.com\/noticias\/wp-json\/wp\/v2\/categories?post=53358"},{"taxonomy":"post_tag","embeddable":true,"href":"https:\/\/vinasfm.com\/noticias\/wp-json\/wp\/v2\/tags?post=53358"}],"curies":[{"name":"wp","href":"https:\/\/api.w.org\/{rel}","templated":true}]}}