{"id":53328,"date":"2019-05-30T08:42:01","date_gmt":"2019-05-30T11:42:01","guid":{"rendered":"http:\/\/vinasfm.com\/noticias\/?p=53328"},"modified":"2019-05-31T09:42:41","modified_gmt":"2019-05-31T12:42:41","slug":"perdio-el-dominio-de-su-vehiculo-y-volco-en-ruta-188","status":"publish","type":"post","link":"https:\/\/vinasfm.com\/noticias\/perdio-el-dominio-de-su-vehiculo-y-volco-en-ruta-188\/","title":{"rendered":"PERDI\u00d3 EL DOMINIO DE SU VEH\u00cdCULO Y VOLC\u00d3 EN RUTA 188"},"content":{"rendered":"<h4><strong>A las 16:30h aproximadamente una automovilista perdi\u00f3 el dominio de su VW Up!, termin\u00f3 volcando y dando varios tumbos. El incidente vial se produjo en Ruta 188, Km 726 a la altura de la Mora, frente a la estancia San Benito.<\/strong><\/h4>\n<p>Con la carpeta asf\u00e1ltica tapizada por el agua la automovilista se dirig\u00eda desde <strong>San Rafael a General Pico<\/strong> (La Pampa), su ciudad natal, \u00a0y por razones que se tratan de establecer perdi\u00f3 el control de la movilidad y volc\u00f3. Producto del hecho, la f\u00e9mina <strong>sufri\u00f3 quebradura en uno de sus brazos<\/strong> y <strong>algunas contusiones<\/strong>. \u00a0Actualmente <strong>se encuentra fuera de peligro<\/strong> tras ser asistida por profesionales de la Salud.<\/p>\n<p><a href=\"http:\/\/vinasfm.com\/noticias\/wp-content\/uploads\/2019\/05\/61484079_10219369874258278_6003610152270299136_n.jpg\"><img loading=\"lazy\" decoding=\"async\" class=\"wp-image-53335 alignleft\" src=\"http:\/\/vinasfm.com\/noticias\/wp-content\/uploads\/2019\/05\/61484079_10219369874258278_6003610152270299136_n-300x225.jpg\" alt=\"\" width=\"243\" height=\"182\" srcset=\"https:\/\/vinasfm.com\/noticias\/wp-content\/uploads\/2019\/05\/61484079_10219369874258278_6003610152270299136_n-300x225.jpg 300w, https:\/\/vinasfm.com\/noticias\/wp-content\/uploads\/2019\/05\/61484079_10219369874258278_6003610152270299136_n-768x576.jpg 768w, https:\/\/vinasfm.com\/noticias\/wp-content\/uploads\/2019\/05\/61484079_10219369874258278_6003610152270299136_n.jpg 960w\" sizes=\"auto, (max-width: 243px) 100vw, 243px\" \/><\/a><\/p>\n<p>Los primeros en llegar y pudieron auxiliar a la conductora que <strong>viajaba sola<\/strong> fueron <strong>Mariano Amuchastegui<\/strong> y <strong>Ricardo Arcidiacono<\/strong> que viajaban por el lugar en la <strong>Camioneta del Cl\u00faster ganadero<\/strong> y que gracias a la <strong>radio de VHF<\/strong>, repetidora ganadera incluida, pudieron convocar a la ambulancia de <strong>Canalejas<\/strong> y a la <strong>Polic\u00eda de Bowen<\/strong> dado que en ese lugar no hay otra forma de comunicaci\u00f3n.<\/p>\n<h5><em>F.B. (Redacci\u00f3n F.M. Vi\u00f1as).<\/em><\/h5>\n","protected":false},"excerpt":{"rendered":"<p>A las 16:30h aproximadamente una automovilista perdi\u00f3 el dominio de su VW Up!, termin\u00f3 volcando y dando varios tumbos. El incidente &#8230;<\/p>\n","protected":false},"author":5,"featured_media":53334,"comment_status":"open","ping_status":"open","sticky":false,"template":"","format":"standard","meta":{"footnotes":""},"categories":[5,4],"tags":[],"class_list":["post-53328","post","type-post","status-publish","format-standard","has-post-thumbnail","hentry","category-actualidad","category-policiales"],"_links":{"self":[{"href":"https:\/\/vinasfm.com\/noticias\/wp-json\/wp\/v2\/posts\/53328","targetHints":{"allow":["GET"]}}],"collection":[{"href":"https:\/\/vinasfm.com\/noticias\/wp-json\/wp\/v2\/posts"}],"about":[{"href":"https:\/\/vinasfm.com\/noticias\/wp-json\/wp\/v2\/types\/post"}],"author":[{"embeddable":true,"href":"https:\/\/vinasfm.com\/noticias\/wp-json\/wp\/v2\/users\/5"}],"replies":[{"embeddable":true,"href":"https:\/\/vinasfm.com\/noticias\/wp-json\/wp\/v2\/comments?post=53328"}],"version-history":[{"count":1,"href":"https:\/\/vinasfm.com\/noticias\/wp-json\/wp\/v2\/posts\/53328\/revisions"}],"predecessor-version":[{"id":53337,"href":"https:\/\/vinasfm.com\/noticias\/wp-json\/wp\/v2\/posts\/53328\/revisions\/53337"}],"wp:featuredmedia":[{"embeddable":true,"href":"https:\/\/vinasfm.com\/noticias\/wp-json\/wp\/v2\/media\/53334"}],"wp:attachment":[{"href":"https:\/\/vinasfm.com\/noticias\/wp-json\/wp\/v2\/media?parent=53328"}],"wp:term":[{"taxonomy":"category","embeddable":true,"href":"https:\/\/vinasfm.com\/noticias\/wp-json\/wp\/v2\/categories?post=53328"},{"taxonomy":"post_tag","embeddable":true,"href":"https:\/\/vinasfm.com\/noticias\/wp-json\/wp\/v2\/tags?post=53328"}],"curies":[{"name":"wp","href":"https:\/\/api.w.org\/{rel}","templated":true}]}}