{"id":53318,"date":"2019-05-30T09:39:06","date_gmt":"2019-05-30T12:39:06","guid":{"rendered":"http:\/\/vinasfm.com\/noticias\/?p=53318"},"modified":"2019-05-31T10:02:11","modified_gmt":"2019-05-31T13:02:11","slug":"el-b-san-carlos-tendra-consultorios-medicos-y-tecno-sum","status":"publish","type":"post","link":"https:\/\/vinasfm.com\/noticias\/el-b-san-carlos-tendra-consultorios-medicos-y-tecno-sum\/","title":{"rendered":"EL B\u00b0 SAN CARLOS TENDR\u00c1 CONSULTORIOS M\u00c9DICOS Y TECNO-SUM"},"content":{"rendered":"<h4><strong>En el Barrio m\u00e1s poblado de General Alvear se est\u00e1 desarrollando la construcci\u00f3n de cuatro consultorios m\u00e9dicos y un SUM (Sal\u00f3n de Usos M\u00faltiples) que estar\u00e1n dispuestas en esquina de Buenos Aires y Alpatacal.<\/strong><\/h4>\n<p><strong>En el Barrio San Carlos residen 12.000 vecinos <\/strong>que se ver\u00e1n beneficiados por esta importante obra en materia de Salud. La puesta en marcha de esta obra <strong>permitir\u00e1 descongestionar el Servicio de Guardia <\/strong>del Hospital \u201c<em>Enfermeros Argentinos\u201d.<\/em><\/p>\n<p>\u201c<em>Estos consultorios ser\u00e1n de atenci\u00f3n primaria para los vecinos del Barrio y zonas aleda\u00f1as. Calculamos que dentro de un mes y medio estar\u00e1n terminados. La primera etapa son los consultorios m\u00e9dicos con atenci\u00f3n pediatra y m\u00e9dicos cl\u00ednicos y la segunda etapa incluye un SUM de 200m2 que permitir\u00e1 el desarrollo de actividades m\u00faltiples<\/em>\u201d, subray\u00f3 <strong>Miguel Sol\u00e1<\/strong>, <strong>referente del B\u00b0 San Carlos<\/strong>.<\/p>\n<p>Por su parte, el <strong>Jefe Comunal<\/strong> explic\u00f3<em>: \u201cEl <strong>SUM<\/strong> <strong>es de 200m2 cubiertos<\/strong> dividido en dos etapas, la primera culminar\u00e1 en julio y la segunda antes de fin de a\u00f1o. Es un avance que estamos generando con un sistema constructivo r\u00e1pido y sustentable\u201d.<\/em><\/p>\n<h5><em>F.B. (Redacci\u00f3n F.M. Vi\u00f1as).<\/em><\/h5>\n","protected":false},"excerpt":{"rendered":"<p>En el Barrio m\u00e1s poblado de General Alvear se est\u00e1 desarrollando la construcci\u00f3n de cuatro consultorios m\u00e9dicos y un SUM (Sal\u00f3n &#8230;<\/p>\n","protected":false},"author":5,"featured_media":53320,"comment_status":"open","ping_status":"open","sticky":false,"template":"","format":"standard","meta":{"footnotes":""},"categories":[5,29],"tags":[],"class_list":["post-53318","post","type-post","status-publish","format-standard","has-post-thumbnail","hentry","category-actualidad","category-obras-y-servicios"],"_links":{"self":[{"href":"https:\/\/vinasfm.com\/noticias\/wp-json\/wp\/v2\/posts\/53318","targetHints":{"allow":["GET"]}}],"collection":[{"href":"https:\/\/vinasfm.com\/noticias\/wp-json\/wp\/v2\/posts"}],"about":[{"href":"https:\/\/vinasfm.com\/noticias\/wp-json\/wp\/v2\/types\/post"}],"author":[{"embeddable":true,"href":"https:\/\/vinasfm.com\/noticias\/wp-json\/wp\/v2\/users\/5"}],"replies":[{"embeddable":true,"href":"https:\/\/vinasfm.com\/noticias\/wp-json\/wp\/v2\/comments?post=53318"}],"version-history":[{"count":1,"href":"https:\/\/vinasfm.com\/noticias\/wp-json\/wp\/v2\/posts\/53318\/revisions"}],"predecessor-version":[{"id":53322,"href":"https:\/\/vinasfm.com\/noticias\/wp-json\/wp\/v2\/posts\/53318\/revisions\/53322"}],"wp:featuredmedia":[{"embeddable":true,"href":"https:\/\/vinasfm.com\/noticias\/wp-json\/wp\/v2\/media\/53320"}],"wp:attachment":[{"href":"https:\/\/vinasfm.com\/noticias\/wp-json\/wp\/v2\/media?parent=53318"}],"wp:term":[{"taxonomy":"category","embeddable":true,"href":"https:\/\/vinasfm.com\/noticias\/wp-json\/wp\/v2\/categories?post=53318"},{"taxonomy":"post_tag","embeddable":true,"href":"https:\/\/vinasfm.com\/noticias\/wp-json\/wp\/v2\/tags?post=53318"}],"curies":[{"name":"wp","href":"https:\/\/api.w.org\/{rel}","templated":true}]}}