{"id":53310,"date":"2019-05-30T08:00:25","date_gmt":"2019-05-30T11:00:25","guid":{"rendered":"http:\/\/vinasfm.com\/noticias\/?p=53310"},"modified":"2019-05-30T09:39:14","modified_gmt":"2019-05-30T12:39:14","slug":"victor-alvarez-detallo-las-obras-que-se-desarrollan-en-alvear","status":"publish","type":"post","link":"https:\/\/vinasfm.com\/noticias\/victor-alvarez-detallo-las-obras-que-se-desarrollan-en-alvear\/","title":{"rendered":"V\u00cdCTOR \u00c1LVAREZ DETALL\u00d3 LAS OBRAS QUE SE DESARROLLAN EN ALVEAR"},"content":{"rendered":"<h4><strong>Desde la Secretaria de Obras y Servicios P\u00fabicos de la Municipalidad realizaron una recorrida de obras por todo el Departamento.<\/strong><\/h4>\n<p>Se est\u00e1n realizando obras en la <em>Ruta 143 <\/em>y calle <em>Uspallata<\/em> <em>\u201cdonde se realiza un t\u00fanel para el cruce de las cloacas de la etapa 5 del Barrio San Carlos, esto permite conectar los B\u00ba Antol\u00edn, R\u00edo Atuel y el sector Norte de Ciudad, detr\u00e1s de Pac\u00edfico, es una obra compleja y muy esperada<\/em>\u201d expres\u00f3 <strong>V\u00edctor \u00c1lvarez Secretario de Obras y Servicios P\u00fablicos<\/strong>.<\/p>\n<p><strong>Esta obra se realiz\u00f3 con mano de obra municipal<\/strong>, agreg\u00f3 <strong>\u00c1lvarez<\/strong>, \u201c<em>nace en la calle N\u00ba 5 en el medio hay una estaci\u00f3n de bombeo funcionando, la gente ha estado impaciente, pero ya tiene la obra realizada\u201d.<\/em><\/p>\n<p><em>\u00abLuego de esto se realizar\u00e1-<\/em>dijo el <strong>Secretario<\/strong>&#8211; <em>60m hacia el Este y el Oeste, lo que permitir\u00e1 definitivamente conectar este sistema, con un tiempo de obra de 1 mes, es un lugar complejo para el tr\u00e1nsito, es por eso que pedimos mucha precauci\u00f3n<\/em>\u201d.<\/p>\n<p>Por \u00faltimo <strong>\u00c1lvarez<\/strong> agreg\u00f3 \u201c<em>tambi\u00e9n seguimos trabajando en la calle Roque S\u00e1enz Pe\u00f1a e Ing. Lange donde se est\u00e1n pintando las sendas peatonales y los vecinos van a pintar un mural en la pared restaurada, en ese lugar se estacionaban y no es el m\u00e1s \u00f3ptimo. Hemos avanzado en la obra de la calle Albox, tambi\u00e9n se realiz\u00f3 una garita en la calle F y 4 y medio y seguimos trabajando en la plaza de Alvear Oeste, las obras no se han paralizado<\/em>\u201d.<\/p>\n<h4><strong>FOTOGALER\u00cdA<\/strong><\/h4>\n<p><a href=\"http:\/\/vinasfm.com\/noticias\/wp-content\/uploads\/2019\/05\/Recorrido-Obras-1.jpg\"><img loading=\"lazy\" decoding=\"async\" class=\"alignnone wp-image-53314\" src=\"http:\/\/vinasfm.com\/noticias\/wp-content\/uploads\/2019\/05\/Recorrido-Obras-1-300x199.jpg\" alt=\"\" width=\"222\" height=\"147\" srcset=\"https:\/\/vinasfm.com\/noticias\/wp-content\/uploads\/2019\/05\/Recorrido-Obras-1-300x199.jpg 300w, https:\/\/vinasfm.com\/noticias\/wp-content\/uploads\/2019\/05\/Recorrido-Obras-1-768x509.jpg 768w, https:\/\/vinasfm.com\/noticias\/wp-content\/uploads\/2019\/05\/Recorrido-Obras-1-1024x678.jpg 1024w\" sizes=\"auto, (max-width: 222px) 100vw, 222px\" \/><\/a> <a href=\"http:\/\/vinasfm.com\/noticias\/wp-content\/uploads\/2019\/05\/Recorrido-Obras-8.jpg\"><img loading=\"lazy\" decoding=\"async\" class=\"alignnone wp-image-53315\" src=\"http:\/\/vinasfm.com\/noticias\/wp-content\/uploads\/2019\/05\/Recorrido-Obras-8-300x199.jpg\" alt=\"\" width=\"221\" height=\"146\" srcset=\"https:\/\/vinasfm.com\/noticias\/wp-content\/uploads\/2019\/05\/Recorrido-Obras-8-300x199.jpg 300w, https:\/\/vinasfm.com\/noticias\/wp-content\/uploads\/2019\/05\/Recorrido-Obras-8-768x509.jpg 768w, https:\/\/vinasfm.com\/noticias\/wp-content\/uploads\/2019\/05\/Recorrido-Obras-8-1024x678.jpg 1024w\" sizes=\"auto, (max-width: 221px) 100vw, 221px\" \/><\/a> <a href=\"http:\/\/vinasfm.com\/noticias\/wp-content\/uploads\/2019\/05\/Recorrido-Obras-12.jpg\"><img loading=\"lazy\" decoding=\"async\" class=\"alignnone wp-image-53316\" src=\"http:\/\/vinasfm.com\/noticias\/wp-content\/uploads\/2019\/05\/Recorrido-Obras-12-300x199.jpg\" alt=\"\" width=\"221\" height=\"147\" srcset=\"https:\/\/vinasfm.com\/noticias\/wp-content\/uploads\/2019\/05\/Recorrido-Obras-12-300x199.jpg 300w, https:\/\/vinasfm.com\/noticias\/wp-content\/uploads\/2019\/05\/Recorrido-Obras-12-768x509.jpg 768w, https:\/\/vinasfm.com\/noticias\/wp-content\/uploads\/2019\/05\/Recorrido-Obras-12-1024x678.jpg 1024w\" sizes=\"auto, (max-width: 221px) 100vw, 221px\" \/><\/a> <a href=\"http:\/\/vinasfm.com\/noticias\/wp-content\/uploads\/2019\/05\/Recorrido-Obras-16.jpg\"><img loading=\"lazy\" decoding=\"async\" class=\"alignnone wp-image-53317\" src=\"http:\/\/vinasfm.com\/noticias\/wp-content\/uploads\/2019\/05\/Recorrido-Obras-16-300x199.jpg\" alt=\"\" width=\"221\" height=\"146\" srcset=\"https:\/\/vinasfm.com\/noticias\/wp-content\/uploads\/2019\/05\/Recorrido-Obras-16-300x199.jpg 300w, https:\/\/vinasfm.com\/noticias\/wp-content\/uploads\/2019\/05\/Recorrido-Obras-16-768x509.jpg 768w, https:\/\/vinasfm.com\/noticias\/wp-content\/uploads\/2019\/05\/Recorrido-Obras-16-1024x678.jpg 1024w\" sizes=\"auto, (max-width: 221px) 100vw, 221px\" \/><\/a><\/p>\n<h5><em>F.B. (Redacci\u00f3n F.M. Vi\u00f1as).<\/em><\/h5>\n","protected":false},"excerpt":{"rendered":"<p>Desde la Secretaria de Obras y Servicios P\u00fabicos de la Municipalidad realizaron una recorrida de obras por todo el Departamento. Se &#8230;<\/p>\n","protected":false},"author":5,"featured_media":53319,"comment_status":"open","ping_status":"open","sticky":false,"template":"","format":"standard","meta":{"footnotes":""},"categories":[5,29],"tags":[],"class_list":["post-53310","post","type-post","status-publish","format-standard","has-post-thumbnail","hentry","category-actualidad","category-obras-y-servicios"],"_links":{"self":[{"href":"https:\/\/vinasfm.com\/noticias\/wp-json\/wp\/v2\/posts\/53310","targetHints":{"allow":["GET"]}}],"collection":[{"href":"https:\/\/vinasfm.com\/noticias\/wp-json\/wp\/v2\/posts"}],"about":[{"href":"https:\/\/vinasfm.com\/noticias\/wp-json\/wp\/v2\/types\/post"}],"author":[{"embeddable":true,"href":"https:\/\/vinasfm.com\/noticias\/wp-json\/wp\/v2\/users\/5"}],"replies":[{"embeddable":true,"href":"https:\/\/vinasfm.com\/noticias\/wp-json\/wp\/v2\/comments?post=53310"}],"version-history":[{"count":2,"href":"https:\/\/vinasfm.com\/noticias\/wp-json\/wp\/v2\/posts\/53310\/revisions"}],"predecessor-version":[{"id":53359,"href":"https:\/\/vinasfm.com\/noticias\/wp-json\/wp\/v2\/posts\/53310\/revisions\/53359"}],"wp:featuredmedia":[{"embeddable":true,"href":"https:\/\/vinasfm.com\/noticias\/wp-json\/wp\/v2\/media\/53319"}],"wp:attachment":[{"href":"https:\/\/vinasfm.com\/noticias\/wp-json\/wp\/v2\/media?parent=53310"}],"wp:term":[{"taxonomy":"category","embeddable":true,"href":"https:\/\/vinasfm.com\/noticias\/wp-json\/wp\/v2\/categories?post=53310"},{"taxonomy":"post_tag","embeddable":true,"href":"https:\/\/vinasfm.com\/noticias\/wp-json\/wp\/v2\/tags?post=53310"}],"curies":[{"name":"wp","href":"https:\/\/api.w.org\/{rel}","templated":true}]}}