{"id":53252,"date":"2019-05-29T09:28:56","date_gmt":"2019-05-29T12:28:56","guid":{"rendered":"http:\/\/vinasfm.com\/noticias\/?p=53252"},"modified":"2019-05-30T10:30:26","modified_gmt":"2019-05-30T13:30:26","slug":"se-lanzo-formalmente-la-comision-de-jovenes-de-la-fem-presidida-por-el-alvearense-nicolas-alonso-barotto","status":"publish","type":"post","link":"https:\/\/vinasfm.com\/noticias\/se-lanzo-formalmente-la-comision-de-jovenes-de-la-fem-presidida-por-el-alvearense-nicolas-alonso-barotto\/","title":{"rendered":"LA COMISI\u00d3N DE J\u00d3VENES DE LA FEM ES PRESIDIDA POR EL ALVEARENSE NICOL\u00c1S ALONSO BAROTTO"},"content":{"rendered":"<p>En coordinaci\u00f3n con CAME Joven, su trabajo consistir\u00e1 en federalizar el sector y lograr la representatividad de los emprendedores. El dirigente invit\u00f3 a los mendocinos de 18 a 40 a\u00f1os a a sumarse a la entidad.<\/p>\n<p>Con la presencia de c\u00e1maras asociadas, emprendedores y empresarios locales, ayer se realiz\u00f3 la reuni\u00f3n de Comisi\u00f3n de J\u00f3venes de la Federaci\u00f3n Econ\u00f3mica de Mendoza (FEM). En la ocasi\u00f3n se present\u00f3 formalmente al nuevo presidente Nicol\u00e1s Alonso Barotto, joven emprendedor que pertenece a la C\u00e1mara de Comercio de General Alvear. Su misi\u00f3n ser\u00e1 la de federalizar el sector joven de la FEM y lograr la representatividad de los emprendedores en la instituci\u00f3n.<\/p>\n<p>En la jornada los puntos tratados se basaron en la importancia de participar activamente en las c\u00e1maras bases de los departamentos y en la FEM, a fin de generar mayor compromiso de la conciencia gremial empresarial.<\/p>\n<p>Otro punto importante es la capacitaci\u00f3n de futuros empresarios Pymes, utilizando las herramientas que ofrece FEM y CAME para la formaci\u00f3n de los j\u00f3venes empresarios.<\/p>\n<p>Adem\u00e1s y para captar a los j\u00f3venes de la provincia, se realizar\u00e1n capacitaciones permanentes tanto en las c\u00e1maras como en la FEM, as\u00ed como jornadas de sensibilizaci\u00f3n para los emprendedores como lo es el Emprender, marca registrada de CAME Joven y el Premio Joven Empresario Mendocino, con la posibilidad para el ganador de visibilizar su proyecto a nivel nacional, generando red de contactos y posibles negocios.<\/p>\n<p>Sobre la importancia de participar de la Comisi\u00f3n de J\u00f3venes de la FEM, Nicol\u00e1s Alonso Barotto expreso: \u00abLa transformaci\u00f3n la tenemos que hacer nosotros, la forma es involucr\u00e1ndose, participando, debatiendo en el \u00e1mbito gremial empresarial\u00bb. Agrego que \u00abser parte de la Red CAME nos permite estar integrado en la regi\u00f3n y en el pa\u00eds con los dem\u00e1s jovenes empresarios, capacitarnos, abarcar problem\u00e1ticas del desarrollo de los jovenes en la Argentina, por eso los invito a todos a sumarse a sus c\u00e1maras de su Ciudad o departamento, aportando tiempo, conocimientos y nuevas energ\u00edas\u00bb.<\/p>\n<p>Cabe destacar que la pr\u00f3xima reuni\u00f3n del sector ser\u00e1 el lunes 10 de junio a las 17 horas en la sede de la FEM, Pedro Molina 471 de Ciudad. Se invita a participar j\u00f3venes emprendedores y empresarios de 18 a 40 a\u00f1os.<\/p>\n<p>A.C.<\/p>\n","protected":false},"excerpt":{"rendered":"<p>En coordinaci\u00f3n con CAME Joven, su trabajo consistir\u00e1 en federalizar el sector y lograr la representatividad de los emprendedores. El dirigente &#8230;<\/p>\n","protected":false},"author":5,"featured_media":53253,"comment_status":"open","ping_status":"open","sticky":false,"template":"","format":"standard","meta":{"footnotes":""},"categories":[5,32],"tags":[],"class_list":["post-53252","post","type-post","status-publish","format-standard","has-post-thumbnail","hentry","category-actualidad","category-camara-de-comercio"],"_links":{"self":[{"href":"https:\/\/vinasfm.com\/noticias\/wp-json\/wp\/v2\/posts\/53252","targetHints":{"allow":["GET"]}}],"collection":[{"href":"https:\/\/vinasfm.com\/noticias\/wp-json\/wp\/v2\/posts"}],"about":[{"href":"https:\/\/vinasfm.com\/noticias\/wp-json\/wp\/v2\/types\/post"}],"author":[{"embeddable":true,"href":"https:\/\/vinasfm.com\/noticias\/wp-json\/wp\/v2\/users\/5"}],"replies":[{"embeddable":true,"href":"https:\/\/vinasfm.com\/noticias\/wp-json\/wp\/v2\/comments?post=53252"}],"version-history":[{"count":1,"href":"https:\/\/vinasfm.com\/noticias\/wp-json\/wp\/v2\/posts\/53252\/revisions"}],"predecessor-version":[{"id":53295,"href":"https:\/\/vinasfm.com\/noticias\/wp-json\/wp\/v2\/posts\/53252\/revisions\/53295"}],"wp:featuredmedia":[{"embeddable":true,"href":"https:\/\/vinasfm.com\/noticias\/wp-json\/wp\/v2\/media\/53253"}],"wp:attachment":[{"href":"https:\/\/vinasfm.com\/noticias\/wp-json\/wp\/v2\/media?parent=53252"}],"wp:term":[{"taxonomy":"category","embeddable":true,"href":"https:\/\/vinasfm.com\/noticias\/wp-json\/wp\/v2\/categories?post=53252"},{"taxonomy":"post_tag","embeddable":true,"href":"https:\/\/vinasfm.com\/noticias\/wp-json\/wp\/v2\/tags?post=53252"}],"curies":[{"name":"wp","href":"https:\/\/api.w.org\/{rel}","templated":true}]}}