{"id":53251,"date":"2019-05-29T08:06:40","date_gmt":"2019-05-29T11:06:40","guid":{"rendered":"http:\/\/vinasfm.com\/noticias\/?p=53251"},"modified":"2019-05-30T10:09:04","modified_gmt":"2019-05-30T13:09:04","slug":"presentaron-un-libro-infantil-que-aborda-la-guerra-de-malvinas","status":"publish","type":"post","link":"https:\/\/vinasfm.com\/noticias\/presentaron-un-libro-infantil-que-aborda-la-guerra-de-malvinas\/","title":{"rendered":"PRESENTARON UN LIBRO INFANTIL QUE ABORDA LA GUERRA DE MALVINAS"},"content":{"rendered":"<h4><strong>A las 20:00h de este martes en el Cine Teatro Antonio Lafalla se present\u00f3 \u201cPipino el ping\u00fcino, el monstruo y las islas Malvinas\u201d, primer libro infantil en abordar la tem\u00e1tica de la Guerra de Malvinas para ni\u00f1os de 3 a 7 a\u00f1os. Docentes, estudiantes de profesorados de todos los niveles y p\u00fablico en general asistieron a la presentaci\u00f3n.<\/strong><\/h4>\n<p>Tras 7 a\u00f1os de recorrida por Latinoam\u00e9rica, Alvear recibi\u00f3 a su autor <strong>Claudio Garbolino<\/strong> quien previo a la presentaci\u00f3n en el \u201cLafalla\u201d dialog\u00f3 con <strong><em>F.M. Vi\u00f1as<\/em><\/strong>. \u201c<em>Es una historia que relata la situaci\u00f3n que un ping\u00fcino pasa despu\u00e9s de ser echado por un monstruo y comienza a buscar amigos en su camino. Se da cuenta que mientras m\u00e1s camina m\u00e1s amigos encuentra y sue\u00f1a con recuperar su casa y volver a su hogar. Es un ida y vuelta armoniosa enmarcado en la soberan\u00eda siempre en el marco de la paz\u201d, <\/em>coment\u00f3 <strong>Garbolino<\/strong> a modo de sinopsis.<\/p>\n<div id=\"attachment_53257\" style=\"width: 263px\" class=\"wp-caption alignleft\"><a href=\"http:\/\/vinasfm.com\/noticias\/wp-content\/uploads\/2019\/05\/4f948661-4bd5-45a8-979d-d6b941383733-e1559131411434.jpg\"><img loading=\"lazy\" decoding=\"async\" aria-describedby=\"caption-attachment-53257\" class=\" wp-image-53257\" src=\"http:\/\/vinasfm.com\/noticias\/wp-content\/uploads\/2019\/05\/4f948661-4bd5-45a8-979d-d6b941383733-e1559131411434-300x244.jpg\" alt=\"\" width=\"263\" height=\"214\" srcset=\"https:\/\/vinasfm.com\/noticias\/wp-content\/uploads\/2019\/05\/4f948661-4bd5-45a8-979d-d6b941383733-e1559131411434-300x244.jpg 300w, https:\/\/vinasfm.com\/noticias\/wp-content\/uploads\/2019\/05\/4f948661-4bd5-45a8-979d-d6b941383733-e1559131411434-768x624.jpg 768w, https:\/\/vinasfm.com\/noticias\/wp-content\/uploads\/2019\/05\/4f948661-4bd5-45a8-979d-d6b941383733-e1559131411434.jpg 854w\" sizes=\"auto, (max-width: 263px) 100vw, 263px\" \/><\/a><p id=\"caption-attachment-53257\" class=\"wp-caption-text\">Claudio Garbolino en F.M. Vi\u00f1as.<\/p><\/div>\n<p>El libro fue declarado de <strong>Inter\u00e9s Educativo<\/strong> por el <strong>Ministerio de Educaci\u00f3n de la Naci\u00f3n<\/strong> ya que subsana la carencia de literatura sobre la tem\u00e1tica \u2018Malvinas\u2019 para la franja etaria que comprende los 3-7 a\u00f1os. \u201c<em>Es una herramienta para los docentes y los padres que comiencen a hablarle a los chicos sobre Malvinas desde una versi\u00f3n pacifista\u201d, <\/em>agreg\u00f3 el autor.<\/p>\n<p>\u201c<em>En el a\u00f1o 82 fui soldado y por ende tratamos de convertir una situaci\u00f3n tan desagradable en algo m\u00e1s colorido sin tapar la historia pero sembrar en los peque\u00f1os en principio una idea de soberan\u00eda<\/em>\u201d, testimoni\u00f3.<\/p>\n<p>Esta presentaci\u00f3n se logr\u00f3 gracias a la gesti\u00f3n del <strong>\u00c1rea de Museos <\/strong>con el apoyo de <strong>Veteranos de Malvinas <\/strong>y la <strong>Comuna<\/strong>. El libro ha sido presentado en distintas instituciones educativas del departamento con buena recepci\u00f3n por parte de las comunidades educativas. \u201c<em>Conoc\u00ed esta propuesta literaria y encontramos que era el \u00fanico libro desde una mirada pacificista. Comenzamos a gestionar su visita y nos enorgullece que Alvear sea el primer departamento de la provincia en recibir a Pipino<\/em>\u201d, destac\u00f3 <strong>Gabriela Chiapa<\/strong>, <strong>Coordinadora del \u00c1rea de Museos<\/strong>.<\/p>\n<p>&nbsp;<\/p>\n<h5><em>F.B. (Redacci\u00f3n F.M. Vi\u00f1as).<\/em><\/h5>\n","protected":false},"excerpt":{"rendered":"<p>A las 20:00h de este martes en el Cine Teatro Antonio Lafalla se present\u00f3 \u201cPipino el ping\u00fcino, el monstruo y las &#8230;<\/p>\n","protected":false},"author":5,"featured_media":53256,"comment_status":"open","ping_status":"open","sticky":false,"template":"","format":"standard","meta":{"footnotes":""},"categories":[5],"tags":[],"class_list":["post-53251","post","type-post","status-publish","format-standard","has-post-thumbnail","hentry","category-actualidad"],"_links":{"self":[{"href":"https:\/\/vinasfm.com\/noticias\/wp-json\/wp\/v2\/posts\/53251","targetHints":{"allow":["GET"]}}],"collection":[{"href":"https:\/\/vinasfm.com\/noticias\/wp-json\/wp\/v2\/posts"}],"about":[{"href":"https:\/\/vinasfm.com\/noticias\/wp-json\/wp\/v2\/types\/post"}],"author":[{"embeddable":true,"href":"https:\/\/vinasfm.com\/noticias\/wp-json\/wp\/v2\/users\/5"}],"replies":[{"embeddable":true,"href":"https:\/\/vinasfm.com\/noticias\/wp-json\/wp\/v2\/comments?post=53251"}],"version-history":[{"count":1,"href":"https:\/\/vinasfm.com\/noticias\/wp-json\/wp\/v2\/posts\/53251\/revisions"}],"predecessor-version":[{"id":53261,"href":"https:\/\/vinasfm.com\/noticias\/wp-json\/wp\/v2\/posts\/53251\/revisions\/53261"}],"wp:featuredmedia":[{"embeddable":true,"href":"https:\/\/vinasfm.com\/noticias\/wp-json\/wp\/v2\/media\/53256"}],"wp:attachment":[{"href":"https:\/\/vinasfm.com\/noticias\/wp-json\/wp\/v2\/media?parent=53251"}],"wp:term":[{"taxonomy":"category","embeddable":true,"href":"https:\/\/vinasfm.com\/noticias\/wp-json\/wp\/v2\/categories?post=53251"},{"taxonomy":"post_tag","embeddable":true,"href":"https:\/\/vinasfm.com\/noticias\/wp-json\/wp\/v2\/tags?post=53251"}],"curies":[{"name":"wp","href":"https:\/\/api.w.org\/{rel}","templated":true}]}}