{"id":53247,"date":"2019-05-29T09:59:57","date_gmt":"2019-05-29T12:59:57","guid":{"rendered":"http:\/\/vinasfm.com\/noticias\/?p=53247"},"modified":"2019-05-30T07:18:08","modified_gmt":"2019-05-30T10:18:08","slug":"paro-nacional-que-servicios-se-ven-afectados-en-alvear","status":"publish","type":"post","link":"https:\/\/vinasfm.com\/noticias\/paro-nacional-que-servicios-se-ven-afectados-en-alvear\/","title":{"rendered":"PARO NACIONAL: \u00bfQU\u00c9 SERVICIOS SE VEN AFECTADOS EN ALVEAR?"},"content":{"rendered":"<p>La\u00a0<strong>Confederaci\u00f3n General del Trabajo (CGT)<\/strong>\u00a0lleva a cabo hoy el sexto paro nacional por 24 horas contra las pol\u00edticas del presidente Mauricio Macri, ante \u00abel deterioro de la situaci\u00f3n social\u00bb y \u00abla p\u00e9rdida del poder de compra de los salarios, las jubilaciones y las asignaciones sociales no se detiene\u00bb.<\/p>\n<p>La medida de fuerza tendr\u00e1 lugar casi un mes despu\u00e9s del paro que realizaron el 30 de abril los gremios \u00abcombativos\u00bb enrolados en el Frente Sindical por el modelo Nacional (Fresimona), liderados por el secretario general de Camioneros, Hugo Moyano, que ahora tambi\u00e9n adherir\u00e1n, al igual que las tres CTA.<\/p>\n<p><strong>TRANSPORTE:<\/strong><\/p>\n<p>En General Alvear las l\u00edneas de colectivos locales funcionan con total normalidad, en el caso de las de media distancia, dentro de la provincia, como d\u00eda domingo o feriado. Las l\u00edneas de larga distancia no funcionan desde las 00 del mi\u00e9rcoles 29 de mayo hasta las 00 del 30 de mayo<\/p>\n<p><strong>BANCOS:<\/strong><\/p>\n<p>Desde la Asociaci\u00f3n Bancaria tambi\u00e9n informaron la semana pasada su adhesi\u00f3n al paro, por lo que todas las entidades bancarias, tanto estatales como privadas, hoy no abrir\u00e1n sus puertas.<\/p>\n<p><strong>ENTIDADES ESTATALES:<\/strong><\/p>\n<p>En tanto que la Asociaci\u00f3n de Trabajadores del Estado (ATE) llam\u00f3 a una jornada de lucha en asambleas en los lugares de trabajo. Desde el gremio esperan una adhesi\u00f3n dispar porque es un paro nacional y no uno gestado en la provincia, realidad que anima a decir desde el Gobierno que las dependencias funcionar\u00e1n con normalidad.<\/p>\n<p><strong>EDUCACI\u00d3N:<\/strong><br \/>\nEl SUTE llam\u00f3 a sumarse al paro, aunque de acuerdo al sondeo realizado por F.M. Vi\u00f1as en las principales escuelas del departamento el acatamiento es nulo. Situaci\u00f3n similar ocurre en la Escuela de Agricultura adherida al gremio FADIUNC.<\/p>\n<p><strong>SALUD:<\/strong><br \/>\nLa atenci\u00f3n es normal en los hospitales, ya que la Asociaci\u00f3n Mendocina de Profesionales de la Salud no adhiri\u00f3.<\/p>\n<p>A.C.<\/p>\n","protected":false},"excerpt":{"rendered":"<p>La\u00a0Confederaci\u00f3n General del Trabajo (CGT)\u00a0lleva a cabo hoy el sexto paro nacional por 24 horas contra las pol\u00edticas del presidente Mauricio &#8230;<\/p>\n","protected":false},"author":5,"featured_media":44916,"comment_status":"open","ping_status":"open","sticky":false,"template":"","format":"standard","meta":{"footnotes":""},"categories":[1],"tags":[],"class_list":["post-53247","post","type-post","status-publish","format-standard","has-post-thumbnail","hentry","category-fmvinas"],"_links":{"self":[{"href":"https:\/\/vinasfm.com\/noticias\/wp-json\/wp\/v2\/posts\/53247","targetHints":{"allow":["GET"]}}],"collection":[{"href":"https:\/\/vinasfm.com\/noticias\/wp-json\/wp\/v2\/posts"}],"about":[{"href":"https:\/\/vinasfm.com\/noticias\/wp-json\/wp\/v2\/types\/post"}],"author":[{"embeddable":true,"href":"https:\/\/vinasfm.com\/noticias\/wp-json\/wp\/v2\/users\/5"}],"replies":[{"embeddable":true,"href":"https:\/\/vinasfm.com\/noticias\/wp-json\/wp\/v2\/comments?post=53247"}],"version-history":[{"count":2,"href":"https:\/\/vinasfm.com\/noticias\/wp-json\/wp\/v2\/posts\/53247\/revisions"}],"predecessor-version":[{"id":53280,"href":"https:\/\/vinasfm.com\/noticias\/wp-json\/wp\/v2\/posts\/53247\/revisions\/53280"}],"wp:featuredmedia":[{"embeddable":true,"href":"https:\/\/vinasfm.com\/noticias\/wp-json\/wp\/v2\/media\/44916"}],"wp:attachment":[{"href":"https:\/\/vinasfm.com\/noticias\/wp-json\/wp\/v2\/media?parent=53247"}],"wp:term":[{"taxonomy":"category","embeddable":true,"href":"https:\/\/vinasfm.com\/noticias\/wp-json\/wp\/v2\/categories?post=53247"},{"taxonomy":"post_tag","embeddable":true,"href":"https:\/\/vinasfm.com\/noticias\/wp-json\/wp\/v2\/tags?post=53247"}],"curies":[{"name":"wp","href":"https:\/\/api.w.org\/{rel}","templated":true}]}}