{"id":53227,"date":"2019-05-28T09:42:20","date_gmt":"2019-05-28T12:42:20","guid":{"rendered":"http:\/\/vinasfm.com\/noticias\/?p=53227"},"modified":"2019-05-28T09:42:20","modified_gmt":"2019-05-28T12:42:20","slug":"en-que-consiste-la-campana-contra-el-tarifazo","status":"publish","type":"post","link":"https:\/\/vinasfm.com\/noticias\/en-que-consiste-la-campana-contra-el-tarifazo\/","title":{"rendered":"\u00bfEN QU\u00c9 CONSISTE LA \u00abCAMPA\u00d1A CONTRA EL TARIFAZO\u00bb?"},"content":{"rendered":"<h4><strong>Luego de los aumentos sucesivos en el precio de las tarifas tanto el\u00e9ctrica como de gas, los abogados Jos\u00e9 Melis y Gustavo Quiles han iniciado la \u201cCampa\u00f1a contra el Tarifazo\u201d.<\/strong><\/h4>\n<h4><strong>La misma consiste en difundir los beneficios de la tarifa social, promover un consumo responsable y sustentable, que mecanismos existen para impedir el corte de servicio a usuarios vulnerables y la importancia de revisar los medidores.<\/strong><\/h4>\n<p>\u201cCreemos que Mendoza tiene una problem\u00e1tica de base con respecto a los cuadros tarifarios y a la imposici\u00f3n de tarifas\u201d, se\u00f1al\u00f3 el Dr. Jos\u00e9 Melis. Parad\u00f3jicamente Mendoza es una de las provincias con mayor cantidad de centrales el\u00e9ctricas en Argentina.<\/p>\n<p>En el caso de la tarifa social, por medio de la p\u00e1gina web del Ministerio de Energ\u00eda de la Naci\u00f3n, pueden acceder a este beneficio: jubilados o pensionados; monotributistas cuyo sueldo no supere los dos salarios m\u00ednimos, vitales y m\u00f3viles; beneficiarios de pensiones contributivas, inscriptos en el monotributo social y beneficiarios de planes sociales.<\/p>\n<p>Por otra parte para aquellos a los cuales les ha llegado el aviso de deuda y la persona por diferentes motivos o porque est\u00e1 en una situaci\u00f3n de desempleo, no puede pagar; al igual que aquellas con discapacidad o que cobran un seguro de desempleo, tienen que presentarse ante Ecogas y pedir el estado de vulnerabilidad social. En ese sentido no se les va a descontar ni tampoco se les va a perdonar la deuda, pero se va a suspender la quita del medidor.<\/p>\n<p>Tambi\u00e9n siempre se recomienda a todos los usuarios revisar los medidores. \u201cEn caso de que tengan dudas y para optimizar el consumo tienen que cerrar las llaves de acceso al gas y fijarse si el medidor sigue rodando, en caso de que as\u00ed sea, puede haber alguna conexi\u00f3n de un vecino o fuga de gas\u201d, explic\u00f3 Melis.<\/p>\n<p>El a\u00f1o pasado hubo una importante cantidad de denuncias contra Ecogas por el denominado Consumo Estimado, \u201cla \u00fanica manera de poder medir el consumo es lo que figura en el medidor menos el consumo anterior\u201d, indic\u00f3. En este caso la empresa fue multada por violar la ley de Defensa al Consumidor.<\/p>\n<p>\u201cEs importante concientizar, porque cada descuento que le podamos conseguir a una familia o una pyme es un aporte muy importante que le estamos haciendo\u201d, manifest\u00f3.<\/p>\n<p>Adem\u00e1s se ha presentado un proyecto en la legislatura para que Mendoza tenga el mismo cuadro tarifario que la provincia de La Pampa. \u201cQueremos que haya una tarifa adecuada a la amplitud t\u00e9rmica de nuestra zona y a las necesidades de las familias y pymes\u201d, concluy\u00f3 Melis.<\/p>\n<p>A.C.<\/p>\n","protected":false},"excerpt":{"rendered":"<p>Luego de los aumentos sucesivos en el precio de las tarifas tanto el\u00e9ctrica como de gas, los abogados Jos\u00e9 Melis y &#8230;<\/p>\n","protected":false},"author":5,"featured_media":8437,"comment_status":"open","ping_status":"open","sticky":false,"template":"","format":"standard","meta":{"footnotes":""},"categories":[5],"tags":[],"class_list":["post-53227","post","type-post","status-publish","format-standard","has-post-thumbnail","hentry","category-actualidad"],"_links":{"self":[{"href":"https:\/\/vinasfm.com\/noticias\/wp-json\/wp\/v2\/posts\/53227","targetHints":{"allow":["GET"]}}],"collection":[{"href":"https:\/\/vinasfm.com\/noticias\/wp-json\/wp\/v2\/posts"}],"about":[{"href":"https:\/\/vinasfm.com\/noticias\/wp-json\/wp\/v2\/types\/post"}],"author":[{"embeddable":true,"href":"https:\/\/vinasfm.com\/noticias\/wp-json\/wp\/v2\/users\/5"}],"replies":[{"embeddable":true,"href":"https:\/\/vinasfm.com\/noticias\/wp-json\/wp\/v2\/comments?post=53227"}],"version-history":[{"count":1,"href":"https:\/\/vinasfm.com\/noticias\/wp-json\/wp\/v2\/posts\/53227\/revisions"}],"predecessor-version":[{"id":53228,"href":"https:\/\/vinasfm.com\/noticias\/wp-json\/wp\/v2\/posts\/53227\/revisions\/53228"}],"wp:featuredmedia":[{"embeddable":true,"href":"https:\/\/vinasfm.com\/noticias\/wp-json\/wp\/v2\/media\/8437"}],"wp:attachment":[{"href":"https:\/\/vinasfm.com\/noticias\/wp-json\/wp\/v2\/media?parent=53227"}],"wp:term":[{"taxonomy":"category","embeddable":true,"href":"https:\/\/vinasfm.com\/noticias\/wp-json\/wp\/v2\/categories?post=53227"},{"taxonomy":"post_tag","embeddable":true,"href":"https:\/\/vinasfm.com\/noticias\/wp-json\/wp\/v2\/tags?post=53227"}],"curies":[{"name":"wp","href":"https:\/\/api.w.org\/{rel}","templated":true}]}}