{"id":53223,"date":"2019-05-28T06:22:29","date_gmt":"2019-05-28T09:22:29","guid":{"rendered":"http:\/\/vinasfm.com\/noticias\/?p=53223"},"modified":"2019-05-29T10:28:03","modified_gmt":"2019-05-29T13:28:03","slug":"claudio-rodriguez-evaluo-la-realidad-y-gestion-actual","status":"publish","type":"post","link":"https:\/\/vinasfm.com\/noticias\/claudio-rodriguez-evaluo-la-realidad-y-gestion-actual\/","title":{"rendered":"CLAUDIO RODRIGUEZ EVALU\u00d3 LA REALIDAD Y GESTI\u00d3N ACTUAL"},"content":{"rendered":"<p><strong>Claudio Rodriguez, pre candidato a Intendente 2019, dialog\u00f3 con F.M. Vi\u00f1as el pasado s\u00e1bado en el marco de las celebraciones por el 25 de mayo en el distrito de Bowen.<\/strong><\/p>\n<h5>Frase destacada: \u00ab<em>Dentro de la Ley 7722 todo, fuera de la Ley nada\u00bb<\/em>.<\/h5>\n<p>En primera instancia, <strong>Rodriguez<\/strong> remarc\u00f3 su defensa de la <strong>Ley 7722<\/strong>. \u00ab<em>Nuestra postura es respetar y defender la 7722 a pesar de que algunos justicialistas impulsaron la modificaci\u00f3n tild\u00e1ndola\u00a0de antiminera\u00bb, <\/em>explic\u00f3.<\/p>\n<p>Sobre la campa\u00f1a de cara a las PA.S.O. de Junio, subray\u00f3: \u00ab<em>Respecto a los dem\u00e1s candidatos, cada compa\u00f1ero tendr\u00e1 su postura.\u00a0 De todos modos como recordar\u00e1n en 2011 y 2015 fui contra Juan Carlos (De Paolo)<\/em>\u00a0<em> y al momento de perder las internas me puse a disposici\u00f3n y lo acompa\u00f1\u00e9 en las generales. De eso se trata la Unidad<\/em>\u00ab.<\/p>\n<p>Como <strong>eje trasnversal<\/strong> de campa\u00f1a, \u00ab<strong><em>el<\/em> <em>Claudio de la gente<\/em><\/strong>\u00ab, explic\u00f3: \u00ab<em>Tenemos nuestra teor\u00eda econ\u00f3mica que se basa en un proyecto de bajar las tarifas, mover la econom\u00eda haciendo una justa repartici\u00f3n de recursos. En Alvear queremos desarrollar el capital humano<\/em>\u00ab.<\/p>\n<p>\u00ab<em>Hay cosas en las que coincidimos con la gesti\u00f3n de Marcolini con avances que han hecho bien a Alvear- <\/em><strong>analiz\u00f3 sobre la administraci\u00f3n del Jefe Comunal<\/strong><em>&#8211; por eso no queremos cambiar nada de lo que se ha hecho bien, al contrario, mejorarlo y avanzar en lo mismo con una perspectiva justicialista<\/em>\u00ab.<\/p>\n<p><em>\u00abLas inclemencias clim\u00e1ticas, los planes provinciales para paliar la crisis en el agro que se cayeron, la mala gesti\u00f3n nacional en cuanto a econom\u00edas regionales y el poco o nulo valor agregado han generado que el agro no tenga rentable\u00bb, <\/em>reflej\u00f3 sobre la realidad que soporta el <strong>\u00e1mbito agr\u00edcola<\/strong>.<\/p>\n<h5><em>F.B. (Redacci\u00f3n F.M. Vi\u00f1as).<\/em><\/h5>\n<p>&nbsp;<\/p>\n","protected":false},"excerpt":{"rendered":"<p>Claudio Rodriguez, pre candidato a Intendente 2019, dialog\u00f3 con F.M. Vi\u00f1as el pasado s\u00e1bado en el marco de las celebraciones por &#8230;<\/p>\n","protected":false},"author":5,"featured_media":53226,"comment_status":"open","ping_status":"open","sticky":false,"template":"","format":"standard","meta":{"footnotes":""},"categories":[5,7],"tags":[],"class_list":["post-53223","post","type-post","status-publish","format-standard","has-post-thumbnail","hentry","category-actualidad","category-politica"],"_links":{"self":[{"href":"https:\/\/vinasfm.com\/noticias\/wp-json\/wp\/v2\/posts\/53223","targetHints":{"allow":["GET"]}}],"collection":[{"href":"https:\/\/vinasfm.com\/noticias\/wp-json\/wp\/v2\/posts"}],"about":[{"href":"https:\/\/vinasfm.com\/noticias\/wp-json\/wp\/v2\/types\/post"}],"author":[{"embeddable":true,"href":"https:\/\/vinasfm.com\/noticias\/wp-json\/wp\/v2\/users\/5"}],"replies":[{"embeddable":true,"href":"https:\/\/vinasfm.com\/noticias\/wp-json\/wp\/v2\/comments?post=53223"}],"version-history":[{"count":1,"href":"https:\/\/vinasfm.com\/noticias\/wp-json\/wp\/v2\/posts\/53223\/revisions"}],"predecessor-version":[{"id":53234,"href":"https:\/\/vinasfm.com\/noticias\/wp-json\/wp\/v2\/posts\/53223\/revisions\/53234"}],"wp:featuredmedia":[{"embeddable":true,"href":"https:\/\/vinasfm.com\/noticias\/wp-json\/wp\/v2\/media\/53226"}],"wp:attachment":[{"href":"https:\/\/vinasfm.com\/noticias\/wp-json\/wp\/v2\/media?parent=53223"}],"wp:term":[{"taxonomy":"category","embeddable":true,"href":"https:\/\/vinasfm.com\/noticias\/wp-json\/wp\/v2\/categories?post=53223"},{"taxonomy":"post_tag","embeddable":true,"href":"https:\/\/vinasfm.com\/noticias\/wp-json\/wp\/v2\/tags?post=53223"}],"curies":[{"name":"wp","href":"https:\/\/api.w.org\/{rel}","templated":true}]}}