{"id":53220,"date":"2019-05-28T06:00:44","date_gmt":"2019-05-28T09:00:44","guid":{"rendered":"http:\/\/vinasfm.com\/noticias\/?p=53220"},"modified":"2019-05-28T10:05:53","modified_gmt":"2019-05-28T13:05:53","slug":"28-de-mayo-dia-nacional-de-los-jardines-de-infantes-y-de-la-maestra-jardinera","status":"publish","type":"post","link":"https:\/\/vinasfm.com\/noticias\/28-de-mayo-dia-nacional-de-los-jardines-de-infantes-y-de-la-maestra-jardinera\/","title":{"rendered":"28 DE MAYO: D\u00cdA NACIONAL DE LOS JARDINES DE INFANTES Y DE LA MAESTRA JARDINERA"},"content":{"rendered":"<h4><strong>El 28 de mayo se celebra <\/strong>el \u00a0<strong>\u00abD\u00eda Nacional de los Jardines de Infantes\u00bb y \u00abD\u00eda de la Maestra Jardinera\u201d<\/strong><strong>\u00a0<\/strong><strong>en memoria de Rosario Vera Pe\u00f1aloza. Quien tambi\u00e9n fuera llamada \u201cMaestra de la Patria\u201d naci\u00f3 el 25 de diciembre de 1873 en el pueblo de Atiles, La Rioja. Dedic\u00f3 su vida a la ense\u00f1anza y dej\u00f3 una huella imborrable en la Educaci\u00f3n del pa\u00eds. <\/strong><\/h4>\n<p><strong>Rosario<\/strong> fallece el <strong>28 de mayo de 1950<\/strong>, fecha que se toma para conmemorar el <strong>\u00abD\u00eda de la Maestra Jardinera\u00bb<\/strong> y el <strong>\u00abD\u00eda de los Jardines de Infantes\u00bb<\/strong>, institucionalizado el 15 de septiembre de 1971.<\/p>\n<h4><strong>Un poco de historia<\/strong><\/h4>\n<p>La <strong>Constituci\u00f3n Nacional de 1853<\/strong> (Art. 5\u00b0) dej\u00f3 librada a las provincias la educaci\u00f3n primaria y considera como atribuci\u00f3n del Congreso Nacional la de proveer al progreso de la ilustraci\u00f3n, dictando planes de instrucci\u00f3n general y universitaria. No hab\u00eda en el pa\u00eds bibliotecas p\u00fablicas, el material escolar era casi desconocido y los maestros improvisados por falta de escuelas normales. En algunas provincias las aulas carec\u00edan de pupitres, pizarr\u00f3n y l\u00e1pices y los docentes recurr\u00edan a cuero de vacunos y hojas de ciertas plantas para que, sobre ellas, los escolares escribieran las primeras letras con espinas o maderas duras. Estas \u00ab<em>eran las generales de la ley<\/em>\u00bb para todas las escuelas de la patria, y obviamente la natal provincia riojana de <strong>Rosario Vera Pe\u00f1aloza<\/strong> no fue la excepci\u00f3n.<\/p>\n<p>En la d\u00e9cada del ochenta del siglo XIX se produce la promulgaci\u00f3n de la <strong>Ley 1420<\/strong>, que constituye la culminaci\u00f3n de un complejo proceso hist\u00f3rico, como resultado del cual aparec\u00edan las ideas democr\u00e1ticas y liberales que pueden percibirse debajo de todos los esfuerzos de integraci\u00f3n del pa\u00eds y modernizaci\u00f3n de sus instituciones.<\/p>\n<p>Con la aprobaci\u00f3n de la <strong>Ley 1420<\/strong> se hizo necesario adecuar las estructuras provinciales en concordancia con ese cuerpo legal y a partir del creado <strong>Consejo Nacional de Educaci\u00f3n<\/strong>, las provincias tomaron un impulso propio, destac\u00e1ndose entre ellas la acci\u00f3n educativa de algunas provincias como nuestra <strong>Mendoza<\/strong>, pero muy especialmente La Rioja, Entre R\u00edos, Buenos Aires y C\u00f3rdoba. Desde all\u00ed Rosarito, realiz\u00f3 una notable labor actualizando los programas de estudio para la carrera de maestra jardinera, que no exist\u00eda en nuestro pa\u00eds. Difundi\u00f3 el trabajo manual en las escuelas primarias para que los chicos desarrollen habilidades pr\u00e1cticas. Fue discutida, perseguida y cesanteada en distintos momentos de su vida.<\/p>\n<h4><strong>Su Credo Patri\u00f3tico<\/strong><\/h4>\n<p>\u00ab<em><strong>Creo en el Magisterio Argentino y en su obra; a ellos, los Maestros corresponde formar las generaciones capaces de mantener siempre encendida la l\u00e1mpara votiva que dejaron a nuestro cuidado los que nos dieron Patria para que jam\u00e1s se apague en el alma Argentina y para que sea el faro que ilumine los senderos\u00bb<\/strong><\/em>. Textual de Rosario en el \u00abCredo Patri\u00f3tico\u00bb, al cual el Instituto Nacional Sanmartiniano le confiri\u00f3 el Primer Premio, despu\u00e9s de haberse formado.<\/p>\n<p>En 1884 regres\u00f3 a su tierra natal, e ingres\u00f3 a <strong>la Escuela Normal de La Rioja<\/strong>, fundada ese mismo a\u00f1o por las maestras norteamericanas, Annette Haven y Bernice Avery. All\u00ed realiz\u00f3 los estudios secundarios y curs\u00f3 la carrera de magisterio, recibi\u00e9ndose de Maestra Normal en 1888. En 1892 se dirigi\u00f3 a Paran\u00e1 (Entre R\u00edos), para proseguir con su formaci\u00f3n obteniendo el t\u00edtulo de <strong>Ense\u00f1anza Superior<\/strong> en 1894. En la Escuela Normal de Paran\u00e1 fue alumna de Sara Eccleston (oriunda de Filadelfia), otra de las maestras invitadas por Sarmiento para expandir la educaci\u00f3n en Argentina. En aquella c\u00e9lebre instituci\u00f3n entrerriana creada en 1870 bajo la presidencia, precisamente, del mismo Domingo Faustino Sarmiento, comenz\u00f3 su actuaci\u00f3n profesional en el <strong>Departamento de Aplicaci\u00f3n<\/strong>. En dicha escuela <strong><em>tambi\u00e9n estudi\u00f3 Trabajo Manual, Dibujo y Pintura, Ejercicios F\u00edsicos, Modelado, Tejido de Telares, Grabado, Corte y Confecci\u00f3n y Artes Decorativas<\/em><\/strong>.<\/p>\n<p>M\u00e1s all\u00e1 de sus m\u00faltiples cargos y tareas docentes, en Paran\u00e1, La Rioja, C\u00f3rdoba y Buenos Aires, la veta educadora que transversaliz\u00f3 su existencia, se expres\u00f3 en numerosos libros, conferencias, cursos para docentes, fundaciones escolares y tareas asistenciales, resultado de sus observaciones y di\u00e1logos con colegas de todo el pa\u00eds, recreados y convertidos en estrategias docentes y material did\u00e1ctico para su so\u00f1ada reforma metodol\u00f3gica, finalmente expresada en la creaci\u00f3n del Museo Argentino para la Escuela Primaria y Pre-escolar, \u00ab<strong><em>su mayor tributo a la Patria<\/em><\/strong>\u00bb.<\/p>\n<p><strong>Muri\u00f3 un 28 de mayo de 1950 en La Rioja a los 77 a\u00f1os de edad.\u00a0En su memoria, el 28 de mayo se festeja el D\u00eda Nacional de los Jardines de Infantes y del Docente de Nivel Inicial\u00a0instituido por Ley 27.059, sancionada el 3 de diciembre de 2014<\/strong>.<\/p>\n<h5><em>F.B. (Redacci\u00f3n F.M. Vi\u00f1as).<\/em><\/h5>\n","protected":false},"excerpt":{"rendered":"<p>El 28 de mayo se celebra el \u00a0\u00abD\u00eda Nacional de los Jardines de Infantes\u00bb y \u00abD\u00eda de la Maestra Jardinera\u201d\u00a0en memoria &#8230;<\/p>\n","protected":false},"author":5,"featured_media":53221,"comment_status":"open","ping_status":"open","sticky":false,"template":"","format":"standard","meta":{"footnotes":""},"categories":[1],"tags":[],"class_list":["post-53220","post","type-post","status-publish","format-standard","has-post-thumbnail","hentry","category-fmvinas"],"_links":{"self":[{"href":"https:\/\/vinasfm.com\/noticias\/wp-json\/wp\/v2\/posts\/53220","targetHints":{"allow":["GET"]}}],"collection":[{"href":"https:\/\/vinasfm.com\/noticias\/wp-json\/wp\/v2\/posts"}],"about":[{"href":"https:\/\/vinasfm.com\/noticias\/wp-json\/wp\/v2\/types\/post"}],"author":[{"embeddable":true,"href":"https:\/\/vinasfm.com\/noticias\/wp-json\/wp\/v2\/users\/5"}],"replies":[{"embeddable":true,"href":"https:\/\/vinasfm.com\/noticias\/wp-json\/wp\/v2\/comments?post=53220"}],"version-history":[{"count":1,"href":"https:\/\/vinasfm.com\/noticias\/wp-json\/wp\/v2\/posts\/53220\/revisions"}],"predecessor-version":[{"id":53222,"href":"https:\/\/vinasfm.com\/noticias\/wp-json\/wp\/v2\/posts\/53220\/revisions\/53222"}],"wp:featuredmedia":[{"embeddable":true,"href":"https:\/\/vinasfm.com\/noticias\/wp-json\/wp\/v2\/media\/53221"}],"wp:attachment":[{"href":"https:\/\/vinasfm.com\/noticias\/wp-json\/wp\/v2\/media?parent=53220"}],"wp:term":[{"taxonomy":"category","embeddable":true,"href":"https:\/\/vinasfm.com\/noticias\/wp-json\/wp\/v2\/categories?post=53220"},{"taxonomy":"post_tag","embeddable":true,"href":"https:\/\/vinasfm.com\/noticias\/wp-json\/wp\/v2\/tags?post=53220"}],"curies":[{"name":"wp","href":"https:\/\/api.w.org\/{rel}","templated":true}]}}