{"id":53203,"date":"2019-05-28T09:35:05","date_gmt":"2019-05-28T12:35:05","guid":{"rendered":"http:\/\/vinasfm.com\/noticias\/?p=53203"},"modified":"2019-05-29T10:25:33","modified_gmt":"2019-05-29T13:25:33","slug":"se-realizo-la-apertura-de-sobres-de-la-licitacion-del-hub-logistico","status":"publish","type":"post","link":"https:\/\/vinasfm.com\/noticias\/se-realizo-la-apertura-de-sobres-de-la-licitacion-del-hub-logistico\/","title":{"rendered":"SE REALIZ\u00d3 LA APERTURA DE SOBRES DE LA LICITACI\u00d3N DEL HUB LOG\u00cdSTICO Y AEROPUERTO DE CARGAS"},"content":{"rendered":"<h4><strong><span style=\"font-family: Tahoma;\">Este lunes se realiz\u00f3 la apertura de sobres de la Licitaci\u00f3n en la que se present\u00f3 UPH &amp; Blue. La empresa asegur\u00f3 que la obra estar\u00e1 terminada en un m\u00e1ximo de 36 meses y se llevar\u00e1 a cabo con mano de obra local.<\/span><\/strong><\/h4>\n<div><span style=\"font-family: Tahoma;\">\u00a0<\/span><\/div>\n<div><span style=\"font-family: Tahoma;\">Con la presencia del <strong>Intendente Walther Marcolini<\/strong> y el <strong>Presidente UPH &amp; Blue Dr H\u00e9ctor Luis Yrimia<\/strong>, se abrieron los sobres de la <strong>Licitaci\u00f3n para el Aeropuerto de Cargas y Hub Log\u00edstico<\/strong> en la que se present\u00f3\u00a0 la empresa UPH &amp; Blue. <strong>Yrimia<\/strong> manifest\u00f3: \u201c<em>Nos interesa la Argentina porque el producto argentino es de mucha calidad. Alvear tiene el segundo paso m\u00e1s importante del Pa\u00eds que hace al canal bioce\u00e1nico entre el Atl\u00e1ntico y el Pac\u00edfico, nosotros tenemos actividad en Chile y por eso nos interesa este lugar<\/em>\u201d.<\/span><\/div>\n<div><span style=\"font-family: Tahoma;\">\u00a0<\/span><\/div>\n<div><span style=\"font-family: Tahoma;\">Asimismo el Presidente de UPH &amp; Blue destac\u00f3 la labor del intendente Walther Marcolini para que este proyecto comience a concretarse, y tambi\u00e9n confirm\u00f3 que: \u201c<em>No queremos hacer una licitaci\u00f3n, queremos hacer una compra. Comenzaremos como aeropuerto comercial privado, y despu\u00e9s queremos extendernos para traer una compa\u00f1\u00eda de pasaje a\u00e9reo de viaje de pasajeros\u201d.\u00a0<\/em><\/span><\/div>\n<div><span style=\"font-family: Tahoma;\">\u00a0<\/span><\/div>\n<div><span style=\"font-family: Tahoma;\">Por su parte el Jefe Comunal expres\u00f3 que: \u201c<em>Esta inversi\u00f3n puede ser un punto de inflexi\u00f3n para la econom\u00eda de nuestra regi\u00f3n. Para nosotros esto es muy significativo y ya tenemos, despu\u00e9s de todos los pasos exigidos, se hizo una licitaci\u00f3n p\u00fablica nacional e internacional y ya tenemos una empresa interesada, que es la misma que present\u00f3 el proyecto y hab\u00eda realizado los estudios<\/em>\u201d.<\/span><\/div>\n<div><span style=\"font-family: Tahoma;\">\u00a0<\/span><\/div>\n<div><span style=\"font-family: Tahoma;\">La empresa mantiene la oferta de comenzar a trabajar de forma inmediata y adecuarse a la Ley de Ambiente, por lo que realizar\u00e1 una Declaraci\u00f3n de Impacto Ambiental, y tambi\u00e9n solicit\u00f3 que se le venda definitivamente el inmueble donde funciona el aer\u00f3dromo, como garant\u00eda para los inversores. \u201c<em>El Concejo Deliberante nos autoriz\u00f3 a llamar a licitaci\u00f3n internacional, a vender y transferir el inmueble una vez que se realicen las obras con un plazo de 36 meses, y pagar una cuota mensual en esa cantidad de meses. Ahora la empresa ofrece pagarlo en una sola vez, por un monto de 466.666 d\u00f3lares que por lo que est\u00e1 valuado el inmueble, y comenzar a hacer las obras con la condici\u00f3n de que s\u00f3lo las habilitaciones pueden autorizarse en funci\u00f3n de que hagan lo que se establece en el proyecto, que es un Hub Log\u00edstico para camiones, un Aeropuerto Internacional de Cargas y un Centro Comercial\u201d.<\/em><\/span><\/div>\n<div><span style=\"font-family: Tahoma;\">\u00a0<\/span><\/div>\n<div><span style=\"font-family: Tahoma;\">Ante esta solicitud, el proyecto deber\u00e1 volver al Concejo Deliberante para que lo apruebe y tambi\u00e9n se consultar\u00e1 a la Fiscal\u00eda de Estado y a la Asesor\u00eda de Gobierno con el objetivo de elaborar una propuesta seria.<\/span><\/div>\n<h5>F.B. (Redacci\u00f3n F.M. Vi\u00f1as).<\/h5>\n","protected":false},"excerpt":{"rendered":"<p>Este lunes se realiz\u00f3 la apertura de sobres de la Licitaci\u00f3n en la que se present\u00f3 UPH &amp; Blue. La empresa &#8230;<\/p>\n","protected":false},"author":5,"featured_media":53204,"comment_status":"open","ping_status":"open","sticky":false,"template":"","format":"standard","meta":{"footnotes":""},"categories":[5,29],"tags":[],"class_list":["post-53203","post","type-post","status-publish","format-standard","has-post-thumbnail","hentry","category-actualidad","category-obras-y-servicios"],"_links":{"self":[{"href":"https:\/\/vinasfm.com\/noticias\/wp-json\/wp\/v2\/posts\/53203","targetHints":{"allow":["GET"]}}],"collection":[{"href":"https:\/\/vinasfm.com\/noticias\/wp-json\/wp\/v2\/posts"}],"about":[{"href":"https:\/\/vinasfm.com\/noticias\/wp-json\/wp\/v2\/types\/post"}],"author":[{"embeddable":true,"href":"https:\/\/vinasfm.com\/noticias\/wp-json\/wp\/v2\/users\/5"}],"replies":[{"embeddable":true,"href":"https:\/\/vinasfm.com\/noticias\/wp-json\/wp\/v2\/comments?post=53203"}],"version-history":[{"count":1,"href":"https:\/\/vinasfm.com\/noticias\/wp-json\/wp\/v2\/posts\/53203\/revisions"}],"predecessor-version":[{"id":53206,"href":"https:\/\/vinasfm.com\/noticias\/wp-json\/wp\/v2\/posts\/53203\/revisions\/53206"}],"wp:featuredmedia":[{"embeddable":true,"href":"https:\/\/vinasfm.com\/noticias\/wp-json\/wp\/v2\/media\/53204"}],"wp:attachment":[{"href":"https:\/\/vinasfm.com\/noticias\/wp-json\/wp\/v2\/media?parent=53203"}],"wp:term":[{"taxonomy":"category","embeddable":true,"href":"https:\/\/vinasfm.com\/noticias\/wp-json\/wp\/v2\/categories?post=53203"},{"taxonomy":"post_tag","embeddable":true,"href":"https:\/\/vinasfm.com\/noticias\/wp-json\/wp\/v2\/tags?post=53203"}],"curies":[{"name":"wp","href":"https:\/\/api.w.org\/{rel}","templated":true}]}}