{"id":53058,"date":"2019-05-24T07:35:04","date_gmt":"2019-05-24T10:35:04","guid":{"rendered":"http:\/\/vinasfm.com\/noticias\/?p=53058"},"modified":"2020-07-12T11:17:22","modified_gmt":"2020-07-12T14:17:22","slug":"abuso-policial-el-mal-momento-que-transito-un-periodista-local","status":"publish","type":"post","link":"https:\/\/vinasfm.com\/noticias\/abuso-policial-el-mal-momento-que-transito-un-periodista-local\/","title":{"rendered":"ABUSO POLICIAL: EL MAL MOMENTO QUE TRANSIT\u00d3 UN PERIODISTA LOCAL"},"content":{"rendered":"<h4><strong>Un incomodo momento vivi\u00f3 hace un mes y medio uno de los periodistas locales que se desempe\u00f1a laboralmente en Tevecoa cuando realizando sus tareas diarias fue increpado por una efectivo policial. <\/strong><\/h4>\n<p>El indignante suceso se consum\u00f3 cuando <strong>Emanuel Vallejos<\/strong>, <strong>conductor de Cable Panorama<\/strong>, se dispon\u00eda a entrevistar junto a uno de los camar\u00f3grafos de la empresa a la directora de la <strong>Escuela 4-113 \u201cJorge Barraquero\u201d<\/strong> por un resonante caso sobre un alumno que hab\u00eda llevado a la instituci\u00f3n un arma blanca. En el lugar no se le permiti\u00f3 el ingreso por parte de una uniformada de Comisar\u00eda 14\u00b0 identificada con el apellido <strong>Adell<\/strong>.<\/p>\n<p>La mujer polic\u00eda le solicit\u00f3 con una \u201cprepotente\u201d actitud que se identificara antes de acceder a la entrevista de lo contrario no se le permitir\u00eda el acceso. Acto seguido <strong>Vallejos<\/strong> se limit\u00f3 a darle datos, <em>ya que resulta ins\u00f3lito que con la indumentaria identificadora propia de la empresa se le solicite informaci\u00f3n personal<\/em>, por lo que la mujer se vali\u00f3 de su \u201cautoridad\u201d emple\u00e1ndola como veh\u00edculo para la \u201cagresi\u00f3n\u201d. \u201c<em>Ustedes siempre hacen lo mismo. Te voy a denunciar ya vas a ver y el padre del chico tambi\u00e9n<\/em>\u201d, le grit\u00f3 la auxiliar.<\/p>\n<p>En la ma\u00f1ana de este jueves, en contacto con <strong>F.M. Vi\u00f1as<\/strong>, <strong>Emanuel Vallejos<\/strong> testimoni\u00f3: \u201c<em>Ayer a las 16:30h lleg\u00f3 a mi domicilio una notificaci\u00f3n que solicitaba mi presencia en Comisaria 14\u00b0 con el fin de testificar sobre lo ocurrido. Fue un m\u00f3vil policial a buscarme para que a las 17h me presente<\/em>\u201d. Una vez en la Seccional se le inform\u00f3 que hab\u00eda irrespetado el <strong>C\u00f3digo de Faltas 9099<\/strong> sobre <strong>negarse a dar informaci\u00f3n personal a un efectivo policial<\/strong>. A posterior, fue sometido a fotograf\u00edas aplicadas al expediente judicial y \u00ab<em>me pintaron las huellas dactilares<\/em>\u00ab.<\/p>\n<p>\u201c<em>Lo molesto del caso es la agresi\u00f3n con la que me increp\u00f3 la efectivo usando una forma prepotente haciendo abuso de la autoridad. Si me hubiera pedido bien le hubiera respondido sin ning\u00fan inconveniente<\/em>\u201d, agreg\u00f3 <strong>Vallejos<\/strong>, quien a\u00fan no cae del asombro sobre lo ocurrido.<\/p>\n<p>Lo lamentable del hecho es que esta efectivo policial no representa al resto de sus compa\u00f1eros de tareas y peor a\u00fan es la lectura incorrecta de una legislaci\u00f3n que plasma los derechos y garant\u00edas de civiles, funcionarios y empleados p\u00fablicos. Frente a estas lagunas legales, muchos inclinan la balanza a su conveniencia suponiendo que la inmunidad de ocupar un cargo raso le posibilita arremeter contra todos.<\/p>\n<p>Actualmente, <strong>Emanuel<\/strong> enfrenta un proceso judicial por un hecho del que la mujer se vali\u00f3 para implicar al verdadero damnificado. Es una sinraz\u00f3n y resulta casi rayano en lo rid\u00edculo que el abuso policial, aplicado por esta auxiliar de polic\u00eda, contin\u00fae en los tiempos transitados.<\/p>\n<h5><em>F.B. (Redacci\u00f3n F.M. Vi\u00f1as).<\/em><\/h5>\n","protected":false},"excerpt":{"rendered":"<p>Un incomodo momento vivi\u00f3 hace un mes y medio uno de los periodistas locales que se desempe\u00f1a laboralmente en Tevecoa cuando &#8230;<\/p>\n","protected":false},"author":5,"featured_media":53037,"comment_status":"open","ping_status":"open","sticky":false,"template":"","format":"standard","meta":{"footnotes":""},"categories":[1],"tags":[],"class_list":["post-53058","post","type-post","status-publish","format-standard","has-post-thumbnail","hentry","category-fmvinas"],"_links":{"self":[{"href":"https:\/\/vinasfm.com\/noticias\/wp-json\/wp\/v2\/posts\/53058","targetHints":{"allow":["GET"]}}],"collection":[{"href":"https:\/\/vinasfm.com\/noticias\/wp-json\/wp\/v2\/posts"}],"about":[{"href":"https:\/\/vinasfm.com\/noticias\/wp-json\/wp\/v2\/types\/post"}],"author":[{"embeddable":true,"href":"https:\/\/vinasfm.com\/noticias\/wp-json\/wp\/v2\/users\/5"}],"replies":[{"embeddable":true,"href":"https:\/\/vinasfm.com\/noticias\/wp-json\/wp\/v2\/comments?post=53058"}],"version-history":[{"count":1,"href":"https:\/\/vinasfm.com\/noticias\/wp-json\/wp\/v2\/posts\/53058\/revisions"}],"predecessor-version":[{"id":54180,"href":"https:\/\/vinasfm.com\/noticias\/wp-json\/wp\/v2\/posts\/53058\/revisions\/54180"}],"wp:featuredmedia":[{"embeddable":true,"href":"https:\/\/vinasfm.com\/noticias\/wp-json\/wp\/v2\/media\/53037"}],"wp:attachment":[{"href":"https:\/\/vinasfm.com\/noticias\/wp-json\/wp\/v2\/media?parent=53058"}],"wp:term":[{"taxonomy":"category","embeddable":true,"href":"https:\/\/vinasfm.com\/noticias\/wp-json\/wp\/v2\/categories?post=53058"},{"taxonomy":"post_tag","embeddable":true,"href":"https:\/\/vinasfm.com\/noticias\/wp-json\/wp\/v2\/tags?post=53058"}],"curies":[{"name":"wp","href":"https:\/\/api.w.org\/{rel}","templated":true}]}}