{"id":53048,"date":"2019-05-24T09:14:26","date_gmt":"2019-05-24T12:14:26","guid":{"rendered":"http:\/\/vinasfm.com\/noticias\/?p=53048"},"modified":"2019-05-24T10:26:09","modified_gmt":"2019-05-24T13:26:09","slug":"carmensa-crece-con-importantes-obras","status":"publish","type":"post","link":"https:\/\/vinasfm.com\/noticias\/carmensa-crece-con-importantes-obras\/","title":{"rendered":"CARMENSA CRECE CON IMPORTANTES OBRAS"},"content":{"rendered":"<h4><strong><span style=\"font-family: Tahoma;\">Haciendo gala del car\u00e1cter federal que tiene la gesti\u00f3n del intendente Walther Marcolini, es que se est\u00e1n realizando importantes obras en Carmensa, desde la construcci\u00f3n del Barrio Carmensa IV hasta la colocaci\u00f3n de luminarias led.<\/span><\/strong><\/h4>\n<div><span style=\"font-family: Tahoma;\">El <strong>delegado distrital Jorge P\u00e9rez<\/strong> resalt\u00f3 la tarea que se est\u00e1 llevando adelante en el distrito sure\u00f1o y que abarca aspectos b\u00e1sicos para la habitabilidad de los vecinos: \u201c<em>Estamos muy contentos, el avance de obra es muy importante y el barrio ya es una realidad para diez familias. Los tiempos son los esperados y por eso nos sentimos muy conformes porque son muchas las tareas que est\u00e1 realizando el Municipio con distintas obras que son importantes para la calidad de vida del distrito<\/em>\u201d expres\u00f3.\u00a0<\/span><\/div>\n<div><span style=\"font-family: Tahoma;\">\u00a0<\/span><\/div>\n<div><span style=\"font-family: Tahoma;\">Hay que destacar que la mano de obra utilizada fue totalmente local, por lo que se generaron fuentes de trabajo para los vecinos de Carmensa.<\/span><\/div>\n<div><span style=\"font-family: Tahoma;\">\u00a0<\/span><\/div>\n<div><span style=\"font-family: Tahoma;\">El <strong>Consejero Zona Sur de Vialidad Leonardo Vi\u00f1olo<\/strong> se refiri\u00f3 a la colocaci\u00f3n de luminarias led que adem\u00e1s de permitir una mejor visibilidad tambi\u00e9n brindar\u00e1n mayor seguridad: \u201c<em>Esto es parte del plan de recambio de luminarias como hicimos en Bowen, Alvear Oeste, en el Centro de Alvear y como vamos a hacer pr\u00f3ximamente en calles Illia, Albox y calle 5 de General Alvear<\/em>\u201d manifest\u00f3.<\/span><\/div>\n<div><span style=\"font-family: Tahoma;\">\u00a0<\/span><\/div>\n<div><span style=\"font-family: Tahoma;\">Todo esto ofrece un mejor servicio y optimiza en un 40% el consumo energ\u00e9tico. El recambio realizado en avenida Christophersen abarca desde la rotonda de la diagonal hasta la rotonda de la Virgen, cubriendo en total cinco cuadras.<\/span><\/div>\n<div><span style=\"font-family: Tahoma;\">\u00a0<\/span><\/div>\n<div><span style=\"font-family: Tahoma;\">\u201cL<em>a idea es hacer una distribuci\u00f3n equitativa entre distritos y radio c\u00e9ntrico para poder ofrecerle a los vecinos que viven m\u00e1s lejos, los mismos servicios que en el centro, conteniendo a todos en esta federalizaci\u00f3n que propone el intendente Walther Marcolini y trabajando en conjunto con las cooperativas como Cospac y Cecsagal que colaboran en todo lo que proponemos<\/em>\u201d expres\u00f3 <strong>Leonardo Vi\u00f1olo<\/strong>.<\/span><\/div>\n<h5><em>F.B. (Redacci\u00f3n F.M. Vi\u00f1as).<\/em><\/h5>\n","protected":false},"excerpt":{"rendered":"<p>Haciendo gala del car\u00e1cter federal que tiene la gesti\u00f3n del intendente Walther Marcolini, es que se est\u00e1n realizando importantes obras en &#8230;<\/p>\n","protected":false},"author":5,"featured_media":53049,"comment_status":"open","ping_status":"open","sticky":false,"template":"","format":"standard","meta":{"footnotes":""},"categories":[1],"tags":[],"class_list":["post-53048","post","type-post","status-publish","format-standard","has-post-thumbnail","hentry","category-fmvinas"],"_links":{"self":[{"href":"https:\/\/vinasfm.com\/noticias\/wp-json\/wp\/v2\/posts\/53048","targetHints":{"allow":["GET"]}}],"collection":[{"href":"https:\/\/vinasfm.com\/noticias\/wp-json\/wp\/v2\/posts"}],"about":[{"href":"https:\/\/vinasfm.com\/noticias\/wp-json\/wp\/v2\/types\/post"}],"author":[{"embeddable":true,"href":"https:\/\/vinasfm.com\/noticias\/wp-json\/wp\/v2\/users\/5"}],"replies":[{"embeddable":true,"href":"https:\/\/vinasfm.com\/noticias\/wp-json\/wp\/v2\/comments?post=53048"}],"version-history":[{"count":1,"href":"https:\/\/vinasfm.com\/noticias\/wp-json\/wp\/v2\/posts\/53048\/revisions"}],"predecessor-version":[{"id":53059,"href":"https:\/\/vinasfm.com\/noticias\/wp-json\/wp\/v2\/posts\/53048\/revisions\/53059"}],"wp:featuredmedia":[{"embeddable":true,"href":"https:\/\/vinasfm.com\/noticias\/wp-json\/wp\/v2\/media\/53049"}],"wp:attachment":[{"href":"https:\/\/vinasfm.com\/noticias\/wp-json\/wp\/v2\/media?parent=53048"}],"wp:term":[{"taxonomy":"category","embeddable":true,"href":"https:\/\/vinasfm.com\/noticias\/wp-json\/wp\/v2\/categories?post=53048"},{"taxonomy":"post_tag","embeddable":true,"href":"https:\/\/vinasfm.com\/noticias\/wp-json\/wp\/v2\/tags?post=53048"}],"curies":[{"name":"wp","href":"https:\/\/api.w.org\/{rel}","templated":true}]}}