{"id":52764,"date":"2019-05-18T10:18:26","date_gmt":"2019-05-18T13:18:26","guid":{"rendered":"http:\/\/vinasfm.com\/noticias\/?p=52764"},"modified":"2019-05-18T10:18:26","modified_gmt":"2019-05-18T13:18:26","slug":"estas-son-las-actividades-por-la-semana-de-los-museos-en-alvear","status":"publish","type":"post","link":"https:\/\/vinasfm.com\/noticias\/estas-son-las-actividades-por-la-semana-de-los-museos-en-alvear\/","title":{"rendered":"ESTAS SON LAS ACTIVIDADES POR LA SEMANA DE LOS MUSEOS EN ALVEAR"},"content":{"rendered":"<p>Desde 18 al 25 de mayo se desarrolla la \u201cSemana de los museos\u201d en Mendoza. En nuestro departamento se recorrer\u00e1n el de Malvinas, Rafael Reynoso y los existentes en Multiespacio Bodega Fara\u00f3n con el Maga e Ing. Cremaschi.<\/p>\n<p>En este sentido la Directora de Turismo Fabiana Gonz\u00e1lez se\u00f1al\u00f3 que por primera vez el recorrido del bus tur\u00edstico ser\u00e1 por la tarde los d\u00edas domingo 19 y s\u00e1bado 25 a partir de las 15:30. Se comenzar\u00e1 en el museo de Malvinas, luego el Rafael Reynoso de Carmensa, para culminar en Fara\u00f3n, donde se exponen dos muestra, una correspondiente a los ganadores de la Bienal y la segunda de Drago Brajak y Walter \u00c1lvarez, adem\u00e1s del Museo del Vino y Cremaschi.<\/p>\n<p>\u201cQueremos mostrar a todos los alvearenses y turistas que nos visitan la oferta que hoy existe a nivel de patrimonio cultural a trav\u00e9s de los museos\u201d, manifest\u00f3 Gonz\u00e1lez.<\/p>\n<p>Por otra parte Liana Piedrafita Directora de Cultura dio a conocer dos charlas que se brindar\u00e1n en el HCD, el martes 21 a las 18 horas. All\u00ed disertar\u00e1n la Lic. Viviana Rebollosa bajo la tem\u00e1tica de patrimonio cultural y los nuevos desaf\u00edos, y la Arq. Mariana Carb\u00f3 relacionada a la declaratoria de Monumentos Nacionales haciendo hincapi\u00e9 en Bodega Fara\u00f3n.<\/p>\n<p>Sobre las actividades por el aniversario de la Revoluci\u00f3n de Mayo, Piedrafita indic\u00f3 que el 24 tendr\u00e1 lugar la velada patri\u00f3tica en la Escuela Jos\u00e9 Hern\u00e1ndez de Bowen con la participaci\u00f3n del grupo La Melga y Lisandro Bert\u00edn de la ciudad de Mendoza.<\/p>\n<p>A.C.<\/p>\n","protected":false},"excerpt":{"rendered":"<p>Desde 18 al 25 de mayo se desarrolla la \u201cSemana de los museos\u201d en Mendoza. En nuestro departamento se recorrer\u00e1n el &#8230;<\/p>\n","protected":false},"author":5,"featured_media":49482,"comment_status":"open","ping_status":"open","sticky":false,"template":"","format":"standard","meta":{"footnotes":""},"categories":[5,19],"tags":[],"class_list":["post-52764","post","type-post","status-publish","format-standard","has-post-thumbnail","hentry","category-actualidad","category-cultura"],"_links":{"self":[{"href":"https:\/\/vinasfm.com\/noticias\/wp-json\/wp\/v2\/posts\/52764","targetHints":{"allow":["GET"]}}],"collection":[{"href":"https:\/\/vinasfm.com\/noticias\/wp-json\/wp\/v2\/posts"}],"about":[{"href":"https:\/\/vinasfm.com\/noticias\/wp-json\/wp\/v2\/types\/post"}],"author":[{"embeddable":true,"href":"https:\/\/vinasfm.com\/noticias\/wp-json\/wp\/v2\/users\/5"}],"replies":[{"embeddable":true,"href":"https:\/\/vinasfm.com\/noticias\/wp-json\/wp\/v2\/comments?post=52764"}],"version-history":[{"count":1,"href":"https:\/\/vinasfm.com\/noticias\/wp-json\/wp\/v2\/posts\/52764\/revisions"}],"predecessor-version":[{"id":52765,"href":"https:\/\/vinasfm.com\/noticias\/wp-json\/wp\/v2\/posts\/52764\/revisions\/52765"}],"wp:featuredmedia":[{"embeddable":true,"href":"https:\/\/vinasfm.com\/noticias\/wp-json\/wp\/v2\/media\/49482"}],"wp:attachment":[{"href":"https:\/\/vinasfm.com\/noticias\/wp-json\/wp\/v2\/media?parent=52764"}],"wp:term":[{"taxonomy":"category","embeddable":true,"href":"https:\/\/vinasfm.com\/noticias\/wp-json\/wp\/v2\/categories?post=52764"},{"taxonomy":"post_tag","embeddable":true,"href":"https:\/\/vinasfm.com\/noticias\/wp-json\/wp\/v2\/tags?post=52764"}],"curies":[{"name":"wp","href":"https:\/\/api.w.org\/{rel}","templated":true}]}}