{"id":52749,"date":"2019-05-18T10:05:29","date_gmt":"2019-05-18T13:05:29","guid":{"rendered":"http:\/\/vinasfm.com\/noticias\/?p=52749"},"modified":"2019-05-18T10:05:29","modified_gmt":"2019-05-18T13:05:29","slug":"importantes-artistas-nacionales-se-presentaran-en-el-teatro-antonio-lafalla-en-los-proximos-meses","status":"publish","type":"post","link":"https:\/\/vinasfm.com\/noticias\/importantes-artistas-nacionales-se-presentaran-en-el-teatro-antonio-lafalla-en-los-proximos-meses\/","title":{"rendered":"IMPORTANTES ARTISTAS NACIONALES SE PRESENTAR\u00c1N EN EL TEATRO ANTONIO LAFALLA EN LOS PR\u00d3XIMOS MESES"},"content":{"rendered":"<p><strong>Una rica agenda en materia cultural se vivenciar\u00e1 en los pr\u00f3ximos meses en el cine teatro Antonio Lafalla en la que grandes artistas nacionales arribar\u00e1n al departamento.<\/strong><\/p>\n<p>El ciclo comenzar\u00e1 el s\u00e1bado 29 junio con Javier Calamaro para continuar el domingo 21 de julio con Hern\u00e1n Piqu\u00edn. El lunes 12 de agosto en el marco del 105\u00b0 aniversario de General Alvear, se presentar\u00e1 la Orquesta Sinfonica de la UnCuyo, por las elecciones Paso Nacionales no se puede realizar el domingo 11. El s\u00e1bado 17 de agosto llegar\u00e1 el duo Baglietto \u2013 Vitale.<\/p>\n<p>El s\u00e1bado 31 de agosto y domingo 1 de septiembre, junto a la Universidad Nacional de Cuyo, estar\u00e1 el espect\u00e1culo infantil Alicia en el Pa\u00eds de las Maravillas con 4 funciones y m\u00e1s de 45 artistas en escena.<\/p>\n<p>La grilla continuar\u00e1 el 7 de septiembre con Jairo, para culminar el s\u00e1bado 19 de octubre con Coti Sorokin.<\/p>\n<p>Seg\u00fan anticiparon desde el Municipio, en los meses de noviembre y diciembre se presentar\u00edan algunas obras teatrales importantes para cerrar el a\u00f1o.<\/p>\n<p>La agenta est\u00e1 organizada en conjunto con la productora 300, quien fuera encargada de los shows de Ciro y Los Persas y Divididos en Alvear, al igual que de Vieja Cepa; y la Universidad Nacional de Cuyo, a trav\u00e9s de la Secretar\u00eda de Extensi\u00f3n Territorial.<\/p>\n<p>El jefe comunal resalt\u00f3 las cualidades del espacio cultural, \u201clos artistas lo ponen en valor, destacando por sobre todas las cosas la ac\u00fastica del teatro\u201dse\u00f1al\u00f3.<\/p>\n<p>A esto se le adjunta el esquema de trabajo del cine con estrenos permanentes de acuerdo a la cartelera nacional \u201cestamos teniendo una oferta cultural al mismo nivel que lo que sucede en las ciudades m\u00e1s importantes del pa\u00eds\u201d, sostuvo Marcolini.<\/p>\n<p>En las pr\u00f3ximas semanas se dar\u00e1n detalles respecto al costo y al modo para adquirir las entradas.<\/p>\n<p>A.C.<\/p>\n","protected":false},"excerpt":{"rendered":"<p>Una rica agenda en materia cultural se vivenciar\u00e1 en los pr\u00f3ximos meses en el cine teatro Antonio Lafalla en la que &#8230;<\/p>\n","protected":false},"author":5,"featured_media":37249,"comment_status":"open","ping_status":"open","sticky":false,"template":"","format":"standard","meta":{"footnotes":""},"categories":[1],"tags":[],"class_list":["post-52749","post","type-post","status-publish","format-standard","has-post-thumbnail","hentry","category-fmvinas"],"_links":{"self":[{"href":"https:\/\/vinasfm.com\/noticias\/wp-json\/wp\/v2\/posts\/52749","targetHints":{"allow":["GET"]}}],"collection":[{"href":"https:\/\/vinasfm.com\/noticias\/wp-json\/wp\/v2\/posts"}],"about":[{"href":"https:\/\/vinasfm.com\/noticias\/wp-json\/wp\/v2\/types\/post"}],"author":[{"embeddable":true,"href":"https:\/\/vinasfm.com\/noticias\/wp-json\/wp\/v2\/users\/5"}],"replies":[{"embeddable":true,"href":"https:\/\/vinasfm.com\/noticias\/wp-json\/wp\/v2\/comments?post=52749"}],"version-history":[{"count":1,"href":"https:\/\/vinasfm.com\/noticias\/wp-json\/wp\/v2\/posts\/52749\/revisions"}],"predecessor-version":[{"id":52758,"href":"https:\/\/vinasfm.com\/noticias\/wp-json\/wp\/v2\/posts\/52749\/revisions\/52758"}],"wp:featuredmedia":[{"embeddable":true,"href":"https:\/\/vinasfm.com\/noticias\/wp-json\/wp\/v2\/media\/37249"}],"wp:attachment":[{"href":"https:\/\/vinasfm.com\/noticias\/wp-json\/wp\/v2\/media?parent=52749"}],"wp:term":[{"taxonomy":"category","embeddable":true,"href":"https:\/\/vinasfm.com\/noticias\/wp-json\/wp\/v2\/categories?post=52749"},{"taxonomy":"post_tag","embeddable":true,"href":"https:\/\/vinasfm.com\/noticias\/wp-json\/wp\/v2\/tags?post=52749"}],"curies":[{"name":"wp","href":"https:\/\/api.w.org\/{rel}","templated":true}]}}