{"id":52712,"date":"2019-05-17T11:34:50","date_gmt":"2019-05-17T14:34:50","guid":{"rendered":"http:\/\/vinasfm.com\/noticias\/?p=52712"},"modified":"2019-05-17T11:34:50","modified_gmt":"2019-05-17T14:34:50","slug":"desde-el-bloque-pro-solicitan-que-el-ejecutivo-alvearense-brinde-boletos-gratuitos-a-estudiantes-universitarios","status":"publish","type":"post","link":"https:\/\/vinasfm.com\/noticias\/desde-el-bloque-pro-solicitan-que-el-ejecutivo-alvearense-brinde-boletos-gratuitos-a-estudiantes-universitarios\/","title":{"rendered":"DESDE EL BLOQUE PRO SOLICITAN QUE EL EJECUTIVO ALVEARENSE BRINDE BOLETOS GRATUITOS A ESTUDIANTES UNIVERSITARIOS"},"content":{"rendered":"<h4><strong>Los Concejales integrantes del Bloque PRO, Sebasti\u00e1n Mart\u00ednez Bar\u00f3n y Daniel L\u00f3pez presentaron un proyecto en el Concejo Alvearense, planteando la necesidad de ayudar a estudiantes universitarios que cursan sus estudios fuera del departamento y la provincia, para que puedan recibir boletos gratuitos al concurrir a votar en los comicios del corriente a\u00f1o.<\/strong><\/h4>\n<p>Ante la situaci\u00f3n del desdoblamiento de elecciones, y el resultado de que los mendocinos deben concurrir a votar hasta 5 veces este a\u00f1o 2019. Desde el <strong>Bloque PRO plantearon<\/strong> por medio de un proyecto en el concejo, <strong>la situaci\u00f3n de los muchos estudiantes Alvearenses que residen en otras ciudades <\/strong>como San Rafael, Mendoza y la vecina provincia de San Luis. Los cuales <strong>deber\u00e1n movilizarse a General Alvear en donde poseen domicilio para votar<\/strong>.<\/p>\n<p>En el proyecto, los ediles plantean que \u201c<em>El gasto en boletos de \u00f3mnibus resultar\u00e1 en muchos casos imposible de afrontar. Ya que viajar a votar en 5 ocasiones distintas, desde Mendoza a Gral. Alvear supondr\u00edan un costo total para cada estudiante de $3700 y las familias de los j\u00f3venes estudiantes alvearenses hacen un esfuerzo enorme para que sus hijos puedan formarse en universidades fuera de nuestro departamento, resultando imposible afrontar un gasto extra en transporte para concurrir a votar<\/em>\u201d.<br \/>\nPor la mencionada situaci\u00f3n, el <strong>Bloque Pro <\/strong>busca por medio de un proyecto de resoluci\u00f3n que se encuentra en comisi\u00f3n del <strong>HCD<\/strong>, que \u201c<em>el departamento ejecutivo de General Alvear junto con el Provincial, gestione los medios necesarios para afrontar los gastos de boletos de \u00f3mnibus de dichos estudiantes que cursan sus estudios en la Ciudad de Mendoza, en el departamento de San Rafael o en la Ciudad de San Luis<\/em>\u201d.<\/p>\n<h5><em>F.B. (Redacci\u00f3n F.M. Vi\u00f1as).<\/em><\/h5>\n","protected":false},"excerpt":{"rendered":"<p>Los Concejales integrantes del Bloque PRO, Sebasti\u00e1n Mart\u00ednez Bar\u00f3n y Daniel L\u00f3pez presentaron un proyecto en el Concejo Alvearense, planteando la &#8230;<\/p>\n","protected":false},"author":5,"featured_media":52721,"comment_status":"open","ping_status":"open","sticky":false,"template":"","format":"standard","meta":{"footnotes":""},"categories":[5,23,26],"tags":[],"class_list":["post-52712","post","type-post","status-publish","format-standard","has-post-thumbnail","hentry","category-actualidad","category-elecciones","category-hcd"],"_links":{"self":[{"href":"https:\/\/vinasfm.com\/noticias\/wp-json\/wp\/v2\/posts\/52712","targetHints":{"allow":["GET"]}}],"collection":[{"href":"https:\/\/vinasfm.com\/noticias\/wp-json\/wp\/v2\/posts"}],"about":[{"href":"https:\/\/vinasfm.com\/noticias\/wp-json\/wp\/v2\/types\/post"}],"author":[{"embeddable":true,"href":"https:\/\/vinasfm.com\/noticias\/wp-json\/wp\/v2\/users\/5"}],"replies":[{"embeddable":true,"href":"https:\/\/vinasfm.com\/noticias\/wp-json\/wp\/v2\/comments?post=52712"}],"version-history":[{"count":1,"href":"https:\/\/vinasfm.com\/noticias\/wp-json\/wp\/v2\/posts\/52712\/revisions"}],"predecessor-version":[{"id":52722,"href":"https:\/\/vinasfm.com\/noticias\/wp-json\/wp\/v2\/posts\/52712\/revisions\/52722"}],"wp:featuredmedia":[{"embeddable":true,"href":"https:\/\/vinasfm.com\/noticias\/wp-json\/wp\/v2\/media\/52721"}],"wp:attachment":[{"href":"https:\/\/vinasfm.com\/noticias\/wp-json\/wp\/v2\/media?parent=52712"}],"wp:term":[{"taxonomy":"category","embeddable":true,"href":"https:\/\/vinasfm.com\/noticias\/wp-json\/wp\/v2\/categories?post=52712"},{"taxonomy":"post_tag","embeddable":true,"href":"https:\/\/vinasfm.com\/noticias\/wp-json\/wp\/v2\/tags?post=52712"}],"curies":[{"name":"wp","href":"https:\/\/api.w.org\/{rel}","templated":true}]}}