{"id":52706,"date":"2019-05-17T11:13:48","date_gmt":"2019-05-17T14:13:48","guid":{"rendered":"http:\/\/vinasfm.com\/noticias\/?p=52706"},"modified":"2019-05-17T11:31:55","modified_gmt":"2019-05-17T14:31:55","slug":"el-hcd-tratara-la-implementacion-de-la-feria-de-productores-en-bowen","status":"publish","type":"post","link":"https:\/\/vinasfm.com\/noticias\/el-hcd-tratara-la-implementacion-de-la-feria-de-productores-en-bowen\/","title":{"rendered":"EL CONCEJO DELIBERANTE TRATAR\u00c1 LA IMPLEMENTACI\u00d3N DE LA FERIA DE PRODUCTORES EN BOWEN"},"content":{"rendered":"<h4><strong>Por medio de un proyecto de resoluci\u00f3n, la Presidente del HCD, Alejandra Torti impulsa que a trav\u00e9s de la Secretaria de Desarrollo Econ\u00f3mico y la Delegaci\u00f3n Municipal de Bowen, se desarrolle la implementaci\u00f3n de una Feria de Productores Primarios y Artesanales, en el distrito de Bowen.<\/strong><\/h4>\n<div id=\"attachment_52714\" style=\"width: 300px\" class=\"wp-caption alignleft\"><a href=\"http:\/\/vinasfm.com\/noticias\/wp-content\/uploads\/2019\/05\/Alejandra-Torti-1.jpg\"><img loading=\"lazy\" decoding=\"async\" aria-describedby=\"caption-attachment-52714\" class=\"wp-image-52714 size-medium\" src=\"http:\/\/vinasfm.com\/noticias\/wp-content\/uploads\/2019\/05\/Alejandra-Torti-1-300x200.jpg\" alt=\"\" width=\"300\" height=\"200\" srcset=\"https:\/\/vinasfm.com\/noticias\/wp-content\/uploads\/2019\/05\/Alejandra-Torti-1-300x200.jpg 300w, https:\/\/vinasfm.com\/noticias\/wp-content\/uploads\/2019\/05\/Alejandra-Torti-1-768x512.jpg 768w, https:\/\/vinasfm.com\/noticias\/wp-content\/uploads\/2019\/05\/Alejandra-Torti-1.jpg 1024w\" sizes=\"auto, (max-width: 300px) 100vw, 300px\" \/><\/a><p id=\"caption-attachment-52714\" class=\"wp-caption-text\">Alejandra Torti, Presidente del Honorable Concejo Deliberante, impulsora del proyecto.<\/p><\/div>\n<p>Durante la \u00faltima sesi\u00f3n ordinaria celebrada en el Concejo Alvearense, <strong>Alejandra Torti<\/strong> present\u00f3 la propuesta apuntando a impulsar una <strong>Feria de Productores<\/strong> locales en el distrito de <strong>Bowen<\/strong>, a trav\u00e9s de la misma pol\u00edtica p\u00fablica del Ejecutivo Municipal que se implementa en la Feria de Productores locales en el distrito de San Pedro del Atuel.<\/p>\n<p>En el proyecto, la edil argumenta que \u201c<em>en Bowen, ser\u00eda una gran oportunidad ya que desde hace muchos a\u00f1os dej\u00f3 de funcionar la Feria donde los productores locales en donde pod\u00edan comercializar su producci\u00f3n frutihort\u00edcola<\/em>\u201d.<\/p>\n<p>La iniciativa naci\u00f3 gracias al trabajo desde la <strong>Delegaci\u00f3n Municipal de San Pedro del Atuel<\/strong> en forma conjunta con aquellos ciudadanos peque\u00f1os productores para no solo obtener una real posibilidad de comercializaci\u00f3n, sino tambi\u00e9n el brindar un beneficio a la comunidad, a trav\u00e9s del servicio de productos de calidad para con los consumidores.<\/p>\n<p>Con esta iniciativa, tanto los productores primarios como los artesanos locales, podr\u00edan recuperar un \u00e1mbito apropiado para vender sus productos y\/o artesan\u00edas en forma directa al p\u00fablico consumidor; todo de acuerdo al cumplimiento de la legislaci\u00f3n vigente como la <strong>Ordenanza Municipal N\u00b0 2402<\/strong>.<\/p>\n<p>El proyecto se encuentra con estado legislativo para ser tratado en Comisi\u00f3n y se espera el apoyo de los ediles Alvearenses para lograr la aprobaci\u00f3n del proyecto por medio del cual, se solicita al Departamento Ejecutivo Municipal, que a trav\u00e9s de la Secretaria de Desarrollo Econ\u00f3mico y la Delegaci\u00f3n Municipal de Bowen, se aboquen a llevar adelante la implementaci\u00f3n de una Feria de Productores Primarios y Artesanales, en el distrito de Bowen.<\/p>\n<h5><em>F.B. (Redacci\u00f3n F.M. Vi\u00f1as).<\/em><\/h5>\n","protected":false},"excerpt":{"rendered":"<p>Por medio de un proyecto de resoluci\u00f3n, la Presidente del HCD, Alejandra Torti impulsa que a trav\u00e9s de la Secretaria de &#8230;<\/p>\n","protected":false},"author":5,"featured_media":52713,"comment_status":"open","ping_status":"open","sticky":false,"template":"","format":"standard","meta":{"footnotes":""},"categories":[5,26],"tags":[],"class_list":["post-52706","post","type-post","status-publish","format-standard","has-post-thumbnail","hentry","category-actualidad","category-hcd"],"_links":{"self":[{"href":"https:\/\/vinasfm.com\/noticias\/wp-json\/wp\/v2\/posts\/52706","targetHints":{"allow":["GET"]}}],"collection":[{"href":"https:\/\/vinasfm.com\/noticias\/wp-json\/wp\/v2\/posts"}],"about":[{"href":"https:\/\/vinasfm.com\/noticias\/wp-json\/wp\/v2\/types\/post"}],"author":[{"embeddable":true,"href":"https:\/\/vinasfm.com\/noticias\/wp-json\/wp\/v2\/users\/5"}],"replies":[{"embeddable":true,"href":"https:\/\/vinasfm.com\/noticias\/wp-json\/wp\/v2\/comments?post=52706"}],"version-history":[{"count":2,"href":"https:\/\/vinasfm.com\/noticias\/wp-json\/wp\/v2\/posts\/52706\/revisions"}],"predecessor-version":[{"id":52720,"href":"https:\/\/vinasfm.com\/noticias\/wp-json\/wp\/v2\/posts\/52706\/revisions\/52720"}],"wp:featuredmedia":[{"embeddable":true,"href":"https:\/\/vinasfm.com\/noticias\/wp-json\/wp\/v2\/media\/52713"}],"wp:attachment":[{"href":"https:\/\/vinasfm.com\/noticias\/wp-json\/wp\/v2\/media?parent=52706"}],"wp:term":[{"taxonomy":"category","embeddable":true,"href":"https:\/\/vinasfm.com\/noticias\/wp-json\/wp\/v2\/categories?post=52706"},{"taxonomy":"post_tag","embeddable":true,"href":"https:\/\/vinasfm.com\/noticias\/wp-json\/wp\/v2\/tags?post=52706"}],"curies":[{"name":"wp","href":"https:\/\/api.w.org\/{rel}","templated":true}]}}