{"id":52579,"date":"2019-05-15T11:58:35","date_gmt":"2019-05-15T14:58:35","guid":{"rendered":"http:\/\/vinasfm.com\/noticias\/?p=52579"},"modified":"2019-05-16T08:55:44","modified_gmt":"2019-05-16T11:55:44","slug":"el-concejo-aprobo-institucionalizar-el-exitoso-programa-feria-finca-alvear","status":"publish","type":"post","link":"https:\/\/vinasfm.com\/noticias\/el-concejo-aprobo-institucionalizar-el-exitoso-programa-feria-finca-alvear\/","title":{"rendered":"EL CONCEJO APROB\u00d3 INSTITUCIONALIZAR EL EXITOSO PROGRAMA \u201cFERIA FINCA ALVEAR\u201d"},"content":{"rendered":"<h4><strong>El Honorable Concejo Deliberante aprob\u00f3 sobre tablas, el proyecto propuesto por el Bloque UCR que institucionaliza en el \u00e1mbito del departamento de General Alvear, el programa \u201cFeria Finca Alvear\u201d, sabores de nuestras manos. La iniciativa fue impulsada por la Municipalidad local y la C\u00e1mara de Comercio.<\/strong><\/h4>\n<p>El programa <strong><em>\u201cFeria Finca Alvear\u201d<\/em><\/strong> fue una de las novedades de la <strong>38\u00b0 edici\u00f3n de la Fiesta Nacional de la Ganader\u00eda<\/strong>, este se realiz\u00f3 con el firme objetivo de visibilizar la producci\u00f3n futihort\u00edcola local y promocionar productos saludables.<br \/>\nEs una nueva pol\u00edtica p\u00fablica, donde dos actores sociales como lo son el Municipio y la C\u00e1mara de Comercio de General Alvear, se unen para el impulso de una de las actividades econ\u00f3micas primarias de nuestro departamento y regi\u00f3n, la de los peque\u00f1os productores.<\/p>\n<p>La <strong>Fiesta Nacional de la Ganader\u00eda<\/strong> de zonas \u00e1ridas fue una oportunidad para fortaleces dichas acciones, es por ello que se program\u00f3 crear en forma conjunta con la instituci\u00f3n organizadora, un espacio f\u00edsico que incluy\u00f3 una seria de actividades destinadas a los agricultores y la promoci\u00f3n de productos locales saludables. Dicho espacio fue pensado tanto para los productores de General Alvear, como as\u00ed tambi\u00e9n, instituciones p\u00fablicas y privadas del medio, de este modo se pretende\u00a0 fortalecer la promoci\u00f3n de la producci\u00f3n local, promocionando los productos que ayudan a mejorar la calidad de vida.<\/p>\n<p><strong>Feria de Fincas<\/strong>, se transform\u00f3 a partir de la 38\u00b0 edici\u00f3n,\u00a0 en un importante espacio para nuestros agricultores en el marco de una fiesta mayor ganadera.<br \/>\nEntre las actividades realizadas se puede mencionar:<\/p>\n<ul>\n<li>Espacio f\u00edsico saludable donde se desarrollaron acciones educativas con el prop\u00f3sito de difundir los beneficios de una dieta que incluya cinco porciones diarias de frutas y\u00a0 hortalizas.<\/li>\n<li>Desarrollo de talleres y charlas profesionales que recomendaron la importancia del consumo de estos alimentos y desarrollo de talleres para su elaboraci\u00f3n saludable.<\/li>\n<li>Promoci\u00f3n\u00a0 del consumo de frutas y verduras mediante la implementaci\u00f3n de una parrilla de vegetales en el almuerzo oficial con un total de 2000 brochet con producci\u00f3n local.<\/li>\n<\/ul>\n<p><strong>La presidente del HCD<\/strong> <strong>Alejandra Tor<\/strong>ti explic\u00f3 que \u00ab<em>La meta al institucionalizar este programa, es a\u00f1o a a\u00f1o ahora promover la salud y la producci\u00f3n local mediante el fortalecimiento de acciones que incentiven a un mayor consumo de frutas y verduras, en el marco de la Fiesta Nacional de la Ganader\u00eda\u00bb<\/em>.<\/p>\n<p>F.B.<\/p>\n","protected":false},"excerpt":{"rendered":"<p>El Honorable Concejo Deliberante aprob\u00f3 sobre tablas, el proyecto propuesto por el Bloque UCR que institucionaliza en el \u00e1mbito del departamento &#8230;<\/p>\n","protected":false},"author":5,"featured_media":52581,"comment_status":"open","ping_status":"open","sticky":false,"template":"","format":"standard","meta":{"footnotes":""},"categories":[5,26,15],"tags":[],"class_list":["post-52579","post","type-post","status-publish","format-standard","has-post-thumbnail","hentry","category-actualidad","category-hcd","category-salud"],"_links":{"self":[{"href":"https:\/\/vinasfm.com\/noticias\/wp-json\/wp\/v2\/posts\/52579","targetHints":{"allow":["GET"]}}],"collection":[{"href":"https:\/\/vinasfm.com\/noticias\/wp-json\/wp\/v2\/posts"}],"about":[{"href":"https:\/\/vinasfm.com\/noticias\/wp-json\/wp\/v2\/types\/post"}],"author":[{"embeddable":true,"href":"https:\/\/vinasfm.com\/noticias\/wp-json\/wp\/v2\/users\/5"}],"replies":[{"embeddable":true,"href":"https:\/\/vinasfm.com\/noticias\/wp-json\/wp\/v2\/comments?post=52579"}],"version-history":[{"count":1,"href":"https:\/\/vinasfm.com\/noticias\/wp-json\/wp\/v2\/posts\/52579\/revisions"}],"predecessor-version":[{"id":52598,"href":"https:\/\/vinasfm.com\/noticias\/wp-json\/wp\/v2\/posts\/52579\/revisions\/52598"}],"wp:featuredmedia":[{"embeddable":true,"href":"https:\/\/vinasfm.com\/noticias\/wp-json\/wp\/v2\/media\/52581"}],"wp:attachment":[{"href":"https:\/\/vinasfm.com\/noticias\/wp-json\/wp\/v2\/media?parent=52579"}],"wp:term":[{"taxonomy":"category","embeddable":true,"href":"https:\/\/vinasfm.com\/noticias\/wp-json\/wp\/v2\/categories?post=52579"},{"taxonomy":"post_tag","embeddable":true,"href":"https:\/\/vinasfm.com\/noticias\/wp-json\/wp\/v2\/tags?post=52579"}],"curies":[{"name":"wp","href":"https:\/\/api.w.org\/{rel}","templated":true}]}}