{"id":52562,"date":"2019-05-15T11:28:12","date_gmt":"2019-05-15T14:28:12","guid":{"rendered":"http:\/\/vinasfm.com\/noticias\/?p=52562"},"modified":"2019-05-15T11:28:12","modified_gmt":"2019-05-15T14:28:12","slug":"nueva-carteleria-y-senalizacion-para-distintos-puntos-del-departamento","status":"publish","type":"post","link":"https:\/\/vinasfm.com\/noticias\/nueva-carteleria-y-senalizacion-para-distintos-puntos-del-departamento\/","title":{"rendered":"NUEVA CARTELER\u00cdA Y SE\u00d1ALIZACI\u00d3N PARA DISTINTOS PUNTOS DEL DEPARTAMENTO"},"content":{"rendered":"<h4><strong>El Presidente de la Comisi\u00f3n de Obras P\u00fablicas del HCD, Concejal\u00a0<\/strong><strong>Pablo Longo\u00a0(UCR) visit\u00f3 el taller de chaper\u00eda y puntura de la municipalidad local junto al Consejero de Vialidad, Leonardo Vi\u00f1olo y el Director Obras P\u00fablicas, Federico P\u00edo. <\/strong><\/h4>\n<p>El <strong>objetivo es organizar y brindar mayor seguridad en nuestras calles y accesos para guiar a nuestros transe\u00fantes y conductores<\/strong>.<\/p>\n<p>A principios de abril, desde el\u00a0HCD\u00a0de General Alvear, <strong>Pablo Longo<\/strong>, acompa\u00f1ado del <strong>Delegado de Transporte de General Alvear<\/strong>, <strong>Ariel Marchant<\/strong>, estuvieron reunidos en Mendoza con el <strong>Coordinador de Gabinete de la Secretar\u00eda de Servicios P\u00fablicos Leonardo Yapur<\/strong>.<\/p>\n<p>A poco m\u00e1s de un mes de las gestiones realizadas, <strong>Pablo Longo<\/strong> explic\u00f3: <em>\u201cSe est\u00e1 acondicionando una carteler\u00eda que ven\u00edamos gestionando con personal de <strong>Vialidad Provincial<\/strong>, <strong>V\u00edas y Transportes<\/strong> y con gente de <strong>Obras y Servicios P\u00fablicos<\/strong> de nuestro municipio. Es lo que necesitamos como ciudadan\u00eda para una mejor seguridad vial ya que hay un alto \u00edndice de siniestralidad vial\u201d.<\/em><\/p>\n<p><em>\u201cEsta carteler\u00eda est\u00e1 destinadas a Ciudad y distritos\u201d, <\/em>mencion\u00f3 <strong>Longo<\/strong>. \u201c<em>En forma conjunta con este plan de asfalto que se viene realizando en distintos sectores del departamento creemos conveniente que en algunos sectores se deba colocar se\u00f1al\u00e9tica vial\u201d, <\/em>se\u00f1al\u00f3.<\/p>\n<p>\u201c<em>Diagramamos un plan de reductores de velocidad frente a establecimientos escolares y\/o arterias principales donde los veh\u00edculos toman mayor velocidad y por ende proyectamos evitar los incidentes viales con los mejores m\u00e9todos\u201d<\/em>, reflej\u00f3 el edil sobre el proyecto que busca otorgar de reductores de velocidad a sectores y puntos transitados del departamento.<\/p>\n<p>En el Gran Mendoza se cumpli\u00f3 con el pedido para que <strong>mayores de 70 a\u00f1os usen de manera gratuita el servicio de transporte p\u00fablico de pasajeros<\/strong>. Muchos solicitan que la medida alcance al sur provincial y por ello <strong>Longo<\/strong> afirm\u00f3:<\/p>\n<p><em>\u201cLo venimos charlando con funcionarios de V\u00eda de Medios y Transportes y la implementaci\u00f3n de todo el sur mendocino est\u00e1 dispuesta. E<strong>n los pr\u00f3ximos d\u00edas se realizaran las reuniones con las empresas privadas para que accedan a que mayores de 70 a\u00f1os viajen gratis<\/strong>\u201d.<\/em><\/p>\n<h5><em>F.B. (Redacci\u00f3n F.M. Vi\u00f1as).<\/em><\/h5>\n","protected":false},"excerpt":{"rendered":"<p>El Presidente de la Comisi\u00f3n de Obras P\u00fablicas del HCD, Concejal\u00a0Pablo Longo\u00a0(UCR) visit\u00f3 el taller de chaper\u00eda y puntura de la &#8230;<\/p>\n","protected":false},"author":5,"featured_media":52576,"comment_status":"open","ping_status":"open","sticky":false,"template":"","format":"standard","meta":{"footnotes":""},"categories":[5,10],"tags":[],"class_list":["post-52562","post","type-post","status-publish","format-standard","has-post-thumbnail","hentry","category-actualidad","category-destacadas"],"_links":{"self":[{"href":"https:\/\/vinasfm.com\/noticias\/wp-json\/wp\/v2\/posts\/52562","targetHints":{"allow":["GET"]}}],"collection":[{"href":"https:\/\/vinasfm.com\/noticias\/wp-json\/wp\/v2\/posts"}],"about":[{"href":"https:\/\/vinasfm.com\/noticias\/wp-json\/wp\/v2\/types\/post"}],"author":[{"embeddable":true,"href":"https:\/\/vinasfm.com\/noticias\/wp-json\/wp\/v2\/users\/5"}],"replies":[{"embeddable":true,"href":"https:\/\/vinasfm.com\/noticias\/wp-json\/wp\/v2\/comments?post=52562"}],"version-history":[{"count":1,"href":"https:\/\/vinasfm.com\/noticias\/wp-json\/wp\/v2\/posts\/52562\/revisions"}],"predecessor-version":[{"id":52578,"href":"https:\/\/vinasfm.com\/noticias\/wp-json\/wp\/v2\/posts\/52562\/revisions\/52578"}],"wp:featuredmedia":[{"embeddable":true,"href":"https:\/\/vinasfm.com\/noticias\/wp-json\/wp\/v2\/media\/52576"}],"wp:attachment":[{"href":"https:\/\/vinasfm.com\/noticias\/wp-json\/wp\/v2\/media?parent=52562"}],"wp:term":[{"taxonomy":"category","embeddable":true,"href":"https:\/\/vinasfm.com\/noticias\/wp-json\/wp\/v2\/categories?post=52562"},{"taxonomy":"post_tag","embeddable":true,"href":"https:\/\/vinasfm.com\/noticias\/wp-json\/wp\/v2\/tags?post=52562"}],"curies":[{"name":"wp","href":"https:\/\/api.w.org\/{rel}","templated":true}]}}