{"id":52549,"date":"2019-05-15T09:32:50","date_gmt":"2019-05-15T12:32:50","guid":{"rendered":"http:\/\/vinasfm.com\/noticias\/?p=52549"},"modified":"2019-05-16T09:48:56","modified_gmt":"2019-05-16T12:48:56","slug":"le-dieron-el-alta-a-la-joven-que-mato-a-su-bebe-a-punaladas-en-alvear-y-quedo-detenida","status":"publish","type":"post","link":"https:\/\/vinasfm.com\/noticias\/le-dieron-el-alta-a-la-joven-que-mato-a-su-bebe-a-punaladas-en-alvear-y-quedo-detenida\/","title":{"rendered":"LE DIERON EL ALTA A LA JOVEN QUE MAT\u00d3 A SU BEB\u00c9 A PU\u00d1ALADAS EN ALVEAR Y QUED\u00d3 DETENIDA"},"content":{"rendered":"<p>Le dieron el alta Antonella Godoy (19), la joven que el domingo pasado dio a luz en el ba\u00f1o de la casa y despu\u00e9s apu\u00f1al\u00f3 una docena de veces al reci\u00e9n nacido. Este martes Godoy abandon\u00f3 el hospital Enfermeros Argentinos en compa\u00f1\u00eda de agentes policiales y pas\u00f3 directamente a un calabozo en la comisar\u00eda 14 de General Alvear.<\/p>\n<p>Pese a estar detenida, la fiscal Ivana Verd\u00fan a\u00fan no la imput\u00f3. Esperaba por el resultado de algunas medidas extras que solicit\u00f3, al tiempo que continuaban tomando declaraciones.<\/p>\n<p>Seg\u00fan fuentes cercanas al caso, en principio no hay nada que indique que Antonella Godoy tenga sus facultades mentales alteradas.<\/p>\n<p>Sin embargo, ahora que est\u00e1 afuera del centro m\u00e9dico est\u00e1 en condiciones de ser evaluada psicol\u00f3gicamente con mayor detenimiento por los especialistas del Poder Judicial.<\/p>\n<p>La causa, que lleva adelante la fiscal alvearense, est\u00e1 calificada como homicidio agravado por el v\u00ednculo.<\/p>\n<p>Fuente: Los Andes \/ Edici\u00f3n: A.C.<\/p>\n","protected":false},"excerpt":{"rendered":"<p>Le dieron el alta Antonella Godoy (19), la joven que el domingo pasado dio a luz en el ba\u00f1o de la &#8230;<\/p>\n","protected":false},"author":5,"featured_media":37045,"comment_status":"open","ping_status":"open","sticky":false,"template":"","format":"standard","meta":{"footnotes":""},"categories":[1],"tags":[],"class_list":["post-52549","post","type-post","status-publish","format-standard","has-post-thumbnail","hentry","category-fmvinas"],"_links":{"self":[{"href":"https:\/\/vinasfm.com\/noticias\/wp-json\/wp\/v2\/posts\/52549","targetHints":{"allow":["GET"]}}],"collection":[{"href":"https:\/\/vinasfm.com\/noticias\/wp-json\/wp\/v2\/posts"}],"about":[{"href":"https:\/\/vinasfm.com\/noticias\/wp-json\/wp\/v2\/types\/post"}],"author":[{"embeddable":true,"href":"https:\/\/vinasfm.com\/noticias\/wp-json\/wp\/v2\/users\/5"}],"replies":[{"embeddable":true,"href":"https:\/\/vinasfm.com\/noticias\/wp-json\/wp\/v2\/comments?post=52549"}],"version-history":[{"count":1,"href":"https:\/\/vinasfm.com\/noticias\/wp-json\/wp\/v2\/posts\/52549\/revisions"}],"predecessor-version":[{"id":52550,"href":"https:\/\/vinasfm.com\/noticias\/wp-json\/wp\/v2\/posts\/52549\/revisions\/52550"}],"wp:featuredmedia":[{"embeddable":true,"href":"https:\/\/vinasfm.com\/noticias\/wp-json\/wp\/v2\/media\/37045"}],"wp:attachment":[{"href":"https:\/\/vinasfm.com\/noticias\/wp-json\/wp\/v2\/media?parent=52549"}],"wp:term":[{"taxonomy":"category","embeddable":true,"href":"https:\/\/vinasfm.com\/noticias\/wp-json\/wp\/v2\/categories?post=52549"},{"taxonomy":"post_tag","embeddable":true,"href":"https:\/\/vinasfm.com\/noticias\/wp-json\/wp\/v2\/tags?post=52549"}],"curies":[{"name":"wp","href":"https:\/\/api.w.org\/{rel}","templated":true}]}}