{"id":52486,"date":"2019-05-14T09:59:56","date_gmt":"2019-05-14T12:59:56","guid":{"rendered":"http:\/\/vinasfm.com\/noticias\/?p=52486"},"modified":"2019-05-14T09:59:56","modified_gmt":"2019-05-14T12:59:56","slug":"alrededor-de-15-mil-familias-mendocinas-ya-se-inscribieron-a-los-nuevos-planes-del-ipv","status":"publish","type":"post","link":"https:\/\/vinasfm.com\/noticias\/alrededor-de-15-mil-familias-mendocinas-ya-se-inscribieron-a-los-nuevos-planes-del-ipv\/","title":{"rendered":"ALREDEDOR DE 15 MIL FAMILIAS MENDOCINAS YA SE INSCRIBIERON A LOS NUEVOS PLANES DEL IPV"},"content":{"rendered":"<h4><strong>A principios de abril del corriente a\u00f1o, el<\/strong><strong style=\"font-style: inherit;\">\u00a0<\/strong><strong>Instituto Provincial de la Vivienda<\/strong><strong>\u00a0(IPV) anunci\u00f3 que entregar\u00eda m\u00e1s de<\/strong><strong style=\"font-style: inherit;\">\u00a0<\/strong><strong>400 viviendas construidas y financiadas con capitales p\u00fablicos y<\/strong> <strong>privados<\/strong><strong>, y ya son m\u00e1s de\u00a0<\/strong><strong style=\"font-style: inherit;\">15 mil las familias mendocinas que buscan ser propietarias.<\/strong><strong>\u00a0<\/strong><\/h4>\n<p>Se trata de una sinergia innovadora y efectiva entre constructoras y el IPV\u00a0que marca tendencia en esta nueva modalidad de obra p\u00fablica.\u00a0<strong style=\"font-style: inherit;\">El resultado inicial: 12 proyectos con 403 casas, d\u00faplex y departamentos<\/strong>\u00a0que rompen con el modelo tradicional, tanto en lo financiero como en lo constructivo. Los actores:\u00a0<strong style=\"font-style: inherit;\">dos constructoras locales de amplia experiencia, el Instituto Provincial de la Vivienda y el Banco Naci\u00f3n como agente financiero<\/strong>.<\/p>\n<p>En 2019 vamos a superar las 3 mil viviendas,\u00a0<strong style=\"font-style: inherit;\">lo que totalizar\u00e1 al fin de la gesti\u00f3n m\u00e1s de 7.200 viviendas<\/strong>\u00ab, destac\u00f3 <strong>Alfredo Cornejo<\/strong> en su \u00faltimo mensaje ante la Asamblea Legislativa, como es tradici\u00f3n de cada 1 de mayo.<\/p>\n<p>La gran mayor\u00eda de los planes de viviendas nacionales y provinciales est\u00e1n dirigidos a familias que no superan hoy los tres salarios m\u00ednimos vitales y m\u00f3viles y\u00a0se ha implementado esta modalidad que contempla a aquellas familias que por m\u00e1s que excedan estos par\u00e1metros de ingresos, no pueden acceder a una vivienda si no es con ayuda del Estado.<\/p>\n<p><strong style=\"font-style: inherit;\">La caracter\u00edstica principal es que\u00a0el Estado financia, a trav\u00e9s del IPV, hasta un\u00a040% de estos proyectos\u00a0con recursos de la Provincia. La\u00a0devoluci\u00f3n\u00a0al IPV es en cuotas actualizadas\u00a0en UVA y a tasa 0, es decir, sin inter\u00e9s.<\/strong><\/p>\n<p><strong>El postulante solo aporta 10% y solamente por 50% restante toma un cr\u00e9dito hipotecario en UVA con la tasa de inter\u00e9s vigente en el Banco Naci\u00f3n<\/strong>. As\u00ed se hace mucho m\u00e1s sencillo el acceso al cr\u00e9dito y, por otro lado, el tomador del pr\u00e9stamo\u00a0devolver\u00e1 una cuota un tercio menor que si lo hiciese por sus propios medios\u00a0(por la tasa cero del IPV).<\/p>\n<p>De las 15 mil familias interesadas que ya realizaron su inscripci\u00f3n,\u00a0<strong style=\"font-style: inherit;\">alrededor de 1.400 han solicitado una evaluaci\u00f3n financiera\u00a0para acceder<\/strong>\u00a0a algunos de los 12 proyectos. Seg\u00fan confirmaron desde el IPV se encuentran en la etapa de evaluaci\u00f3n de los preinscriptos.<\/p>\n<h4><strong style=\"font-style: inherit;\">Requisitos para inscribirse:<\/strong><\/h4>\n<ul>\n<li>Ingresos mayores a dos salarios m\u00ednimos vitales y m\u00f3viles, sujetos a la variaci\u00f3n anual estipulada.<\/li>\n<li>Constituir grupo familiar \/ Pueden postularse solos, mayores de 35 a\u00f1os sujetos a preevaluaci\u00f3n IPV.<\/li>\n<li>No poseer otros bienes inmuebles.<\/li>\n<li>No haber sido adjudicatario (PROCREAR\/BHN\/IPV).<\/li>\n<li>Residir en Argentina.<\/li>\n<li>No tener inhibiciones (CODEME, VERAZ).<\/li>\n<\/ul>\n<p>F.B.<\/p>\n","protected":false},"excerpt":{"rendered":"<p>A principios de abril del corriente a\u00f1o, el\u00a0Instituto Provincial de la Vivienda\u00a0(IPV) anunci\u00f3 que entregar\u00eda m\u00e1s de\u00a0400 viviendas construidas y financiadas &#8230;<\/p>\n","protected":false},"author":5,"featured_media":52489,"comment_status":"open","ping_status":"open","sticky":false,"template":"","format":"standard","meta":{"footnotes":""},"categories":[5,10],"tags":[],"class_list":["post-52486","post","type-post","status-publish","format-standard","has-post-thumbnail","hentry","category-actualidad","category-destacadas"],"_links":{"self":[{"href":"https:\/\/vinasfm.com\/noticias\/wp-json\/wp\/v2\/posts\/52486","targetHints":{"allow":["GET"]}}],"collection":[{"href":"https:\/\/vinasfm.com\/noticias\/wp-json\/wp\/v2\/posts"}],"about":[{"href":"https:\/\/vinasfm.com\/noticias\/wp-json\/wp\/v2\/types\/post"}],"author":[{"embeddable":true,"href":"https:\/\/vinasfm.com\/noticias\/wp-json\/wp\/v2\/users\/5"}],"replies":[{"embeddable":true,"href":"https:\/\/vinasfm.com\/noticias\/wp-json\/wp\/v2\/comments?post=52486"}],"version-history":[{"count":1,"href":"https:\/\/vinasfm.com\/noticias\/wp-json\/wp\/v2\/posts\/52486\/revisions"}],"predecessor-version":[{"id":52490,"href":"https:\/\/vinasfm.com\/noticias\/wp-json\/wp\/v2\/posts\/52486\/revisions\/52490"}],"wp:featuredmedia":[{"embeddable":true,"href":"https:\/\/vinasfm.com\/noticias\/wp-json\/wp\/v2\/media\/52489"}],"wp:attachment":[{"href":"https:\/\/vinasfm.com\/noticias\/wp-json\/wp\/v2\/media?parent=52486"}],"wp:term":[{"taxonomy":"category","embeddable":true,"href":"https:\/\/vinasfm.com\/noticias\/wp-json\/wp\/v2\/categories?post=52486"},{"taxonomy":"post_tag","embeddable":true,"href":"https:\/\/vinasfm.com\/noticias\/wp-json\/wp\/v2\/tags?post=52486"}],"curies":[{"name":"wp","href":"https:\/\/api.w.org\/{rel}","templated":true}]}}