{"id":52467,"date":"2019-05-14T09:07:38","date_gmt":"2019-05-14T12:07:38","guid":{"rendered":"http:\/\/vinasfm.com\/noticias\/?p=52467"},"modified":"2019-05-14T09:07:38","modified_gmt":"2019-05-14T12:07:38","slug":"son-candidatos-tienen-un-cargo-publico-y-hacen-campana-sin-tomar-licencia","status":"publish","type":"post","link":"https:\/\/vinasfm.com\/noticias\/son-candidatos-tienen-un-cargo-publico-y-hacen-campana-sin-tomar-licencia\/","title":{"rendered":"SON CANDIDATOS, TIENEN UN CARGO P\u00daBLICO Y HACEN CAMPA\u00d1A SIN TOMAR LICENCIA"},"content":{"rendered":"<h4><strong>La campa\u00f1a ya arranc\u00f3 y\u00a05 de los 10 candidatos a gobernador, que hoy ocupan un cargo p\u00fablico, dicen tener resto\u00a0f\u00edsico y mental como\u00a0para ocuparse de la gesti\u00f3n y a la par recorrer la provincia conquistando votos.\u00a0\u00a0<\/strong><\/h4>\n<p><strong>S\u00f3lo los dos competidores internos de Cambia Mendoza, Rodolfo Suarez y Omar De Marchi<\/strong>,\u00a0<strong>se tomar\u00e1n licencia los \u00faltimos y ca\u00f3ticos 15 d\u00edas antes de las PASO del 9 de Junio<\/strong>. Otro de los posibles sucesores,\u00a0<strong>Alejandro Bermejo se guardar\u00e1 la licencia para las elecciones generales.<\/strong><\/p>\n<p>La <strong>ley electoral mendocina<\/strong> establece tres tipos de campa\u00f1a: la publicitaria y actos partidarios que pueden comenzar 30 d\u00edas antes de la elecci\u00f3n, la campa\u00f1a gr\u00e1fica permitida 25 d\u00edas antes de los comicios y la campa\u00f1a audiovisual que est\u00e1 prevista para que se lance 15 d\u00edas antes de la votaci\u00f3n.<\/p>\n<p>El elegido del gobernador, el intendente citadino\u00a0<strong>Rodolfo Suarez, fue el \u00fanico que ya le puso fecha a su licencia: comenzar\u00e1 el 24 de mayo, es decir se tomar\u00e1 15 d\u00edas antes de las PASO <\/strong>\u00ab<em>porque ah\u00ed se hace m\u00e1s intensiva la campa\u00f1a y queremos seguir caminando la provincia. Mostrarle a los mendocinos que somos la continuidad de lo que ha hecho el gobernador. De muestra tenemos el aval de la gesti\u00f3n de Ciudad, en donde concretamos 500.000 metros cuadrados de obra p\u00fablica<\/em>\u00ab, remarc\u00f3.<\/p>\n<p>Si bien, al igual que sus oponentes el intendente de Luj\u00e1n,\u00a0<strong>Omar De Marchi<\/strong>\u00a0y su equipo hace un exhaustivo uso de las redes sociales para mostrarse en campa\u00f1a antes de que comience la exposici\u00f3n audiovisual, el presidente del PRO\u00a0<strong>adelant\u00f3 que es muy probable que se tome licencia tambi\u00e9n los \u00faltimos 15 d\u00edas antes de las PASO<\/strong>. \u00ab<em>Hoy me reservo la ma\u00f1ana para la gesti\u00f3n y la tarde para la campa\u00f1a, pero tengo un muy buen equipo de gesti\u00f3n que podr\u00e1 tomar las decisiones en esos d\u00edas<\/em>\u00ab, adelant\u00f3 quien tiene la presi\u00f3n y el objetivo de superar a Suarez dentro de Cambia Mendoza y parece dispuesto a usar toda su estrategia en esa pelea.<\/p>\n<p>El jefe comunal de Maip\u00fa,\u00a0<strong>Alejandro Bermejo parece confiado en sortear las elecciones internas de su espacio<\/strong>, derrotar a su competidora directa <strong>Anabel Fern\u00e1ndez Sagasti<\/strong> y convertirse en el referente del peronismo en Mendoza, ya que\u00a0<strong>confirm\u00f3 que no se va a tomar licencia para las PASO. S\u00ed lo har\u00e1 para las elecciones generales.<\/strong><\/p>\n<p>\u00ab<em>Por ahora la estrategia de la campa\u00f1a ser\u00e1 defender Mendoza y a los mendocinos, para eso vamos a apostar a recorrer el territorio para escuchar a los sectores m\u00e1s golpeados por la crisis econ\u00f3mica\u00bb<\/em>, confiaron desde el equipo bermejista que tiene fe en que la figura del intendente maipucino crezca en el buen trato que consigue en el cara a cara con la gente.<\/p>\n<h4><strong>Legisladores en el Congreso y en campa\u00f1a<\/strong><\/h4>\n<p><strong>La senadora nacional Anabel Fern\u00e1ndez Sagasti, precandidata de Unidad Ciudadana<\/strong>, respondi\u00f3 que\u00a0<strong>no tomar\u00e1 licencia en su rol de legisladora para seguir con la campa\u00f1a<\/strong>, porque s\u00f3lo debe viajar a Buenos Aires para las sesiones del Congreso y eso le permite regresar a la provincia para ocuparse de que la conozcan como candidata a la gobernaci\u00f3n.<\/p>\n<p>Su par en la C\u00e1mara de Diputados,\u00a0<strong>Jos\u00e9 Luis Ram\u00f3n de Protectora, tampoco dejar\u00e1 su actividad en el Congreso<\/strong>. \u00ab<em>No voy a abandonar el trabajo en el Congreso, porque yo soy legislador y tengo que cumplir mi funci\u00f3n. De hecho este mi\u00e9rcoles voy estar en el tratamiento de la ley de g\u00f3ndolas que present\u00e9 yo y que busca fomentar la competencia en el mercado<\/em>\u00ab, explic\u00f3 Ram\u00f3n.<\/p>\n<p>F.B.<\/p>\n","protected":false},"excerpt":{"rendered":"<p>La campa\u00f1a ya arranc\u00f3 y\u00a05 de los 10 candidatos a gobernador, que hoy ocupan un cargo p\u00fablico, dicen tener resto\u00a0f\u00edsico y &#8230;<\/p>\n","protected":false},"author":5,"featured_media":52472,"comment_status":"open","ping_status":"open","sticky":false,"template":"","format":"standard","meta":{"footnotes":""},"categories":[5,23],"tags":[],"class_list":["post-52467","post","type-post","status-publish","format-standard","has-post-thumbnail","hentry","category-actualidad","category-elecciones"],"_links":{"self":[{"href":"https:\/\/vinasfm.com\/noticias\/wp-json\/wp\/v2\/posts\/52467","targetHints":{"allow":["GET"]}}],"collection":[{"href":"https:\/\/vinasfm.com\/noticias\/wp-json\/wp\/v2\/posts"}],"about":[{"href":"https:\/\/vinasfm.com\/noticias\/wp-json\/wp\/v2\/types\/post"}],"author":[{"embeddable":true,"href":"https:\/\/vinasfm.com\/noticias\/wp-json\/wp\/v2\/users\/5"}],"replies":[{"embeddable":true,"href":"https:\/\/vinasfm.com\/noticias\/wp-json\/wp\/v2\/comments?post=52467"}],"version-history":[{"count":1,"href":"https:\/\/vinasfm.com\/noticias\/wp-json\/wp\/v2\/posts\/52467\/revisions"}],"predecessor-version":[{"id":52473,"href":"https:\/\/vinasfm.com\/noticias\/wp-json\/wp\/v2\/posts\/52467\/revisions\/52473"}],"wp:featuredmedia":[{"embeddable":true,"href":"https:\/\/vinasfm.com\/noticias\/wp-json\/wp\/v2\/media\/52472"}],"wp:attachment":[{"href":"https:\/\/vinasfm.com\/noticias\/wp-json\/wp\/v2\/media?parent=52467"}],"wp:term":[{"taxonomy":"category","embeddable":true,"href":"https:\/\/vinasfm.com\/noticias\/wp-json\/wp\/v2\/categories?post=52467"},{"taxonomy":"post_tag","embeddable":true,"href":"https:\/\/vinasfm.com\/noticias\/wp-json\/wp\/v2\/tags?post=52467"}],"curies":[{"name":"wp","href":"https:\/\/api.w.org\/{rel}","templated":true}]}}