{"id":52417,"date":"2019-05-15T08:30:31","date_gmt":"2019-05-15T11:30:31","guid":{"rendered":"http:\/\/vinasfm.com\/noticias\/?p=52417"},"modified":"2019-05-16T12:04:07","modified_gmt":"2019-05-16T15:04:07","slug":"el-secretario-de-ciencia-y-tecnologia-visitara-alvear","status":"publish","type":"post","link":"https:\/\/vinasfm.com\/noticias\/el-secretario-de-ciencia-y-tecnologia-visitara-alvear\/","title":{"rendered":"LINO BARA\u00d1AO EN GENERAL ALVEAR"},"content":{"rendered":"<h4><strong>El Dr. Lino\u00a0<\/strong><strong>Bara\u00f1ao<\/strong><strong> estar\u00e1 en nuestro Departamento desde este mi\u00e9rcoles con el objetivo de recorrer UGACOOP y otros proyectos que se desarrollan en Alvear. El Secretario de Ciencia y Tecnolog\u00eda brindar\u00e1 tambi\u00e9n una charla a alumnos de diversos establecimientos educativos de la zona.<\/strong><\/h4>\n<p>Desde este <strong>mi\u00e9rcoles 15 de mayo<\/strong>, <strong>el Secretario de Ciencia y Tecnolog\u00eda Dr. Lino\u00a0<\/strong><strong>Bara\u00f1ao<\/strong> visitar\u00e1 General Alvear y esta visita se concreta gracias al trabajo que se est\u00e1 realizando desde la gesti\u00f3n municipal en materia de avances tecnol\u00f3gicos y de investigaci\u00f3n. \u201c<em>Es un gran paso para nosotros, hemos hecho una fuerte apuesta en ciencia y tecnolog\u00eda, sobre todo en materia de educaci\u00f3n. Gracias a esto hemos logrado tener dos Jugacoop, accedimos a un financiamiento para un observatorio astron\u00f3mico en Bodega Fara\u00f3n, donde tenemos la participaci\u00f3n de la Universidad Tecnol\u00f3gica de San Rafael como Unidad de Vinculaci\u00f3n y eso nos ha permitido construir una relaci\u00f3n a lo largo de estos tres a\u00f1os<\/em>\u201d, expres\u00f3 el <strong>Intendente Walther Marcolini<\/strong>.<\/p>\n<p>Se trata de una visita exclusiva a nuestro Departamento donde <strong>se recorrer\u00e1n distintos proyectos que se desarrollan en Alvear como el trabajo con controladores biol\u00f3gicos<\/strong>, que se est\u00e1n entregando en zona rural, tambi\u00e9n <strong>habr\u00e1 una visita a UGACOOP<\/strong> donde se recorrer\u00e1 el laboratorio. En este punto el <strong>Intendente <\/strong>dijo: \u201c<em>estamos por acceder a un subsidio de dos millones de pesos del INAES, lo que nos permitir\u00e1 incorporar la aparatolog\u00eda que necesita el laboratorio<\/em>\u201d, manifest\u00f3 haciendo hincapi\u00e9 en el enorme avance que ha tenido Alvear en esta materia.<\/p>\n<p>Luego,\u00a0el <strong>Dr. Lino\u00a0<\/strong><strong>Bara\u00f1ao<\/strong> brindar\u00e1 una charla destinada a alumnos de escuelas de nivel medio y superior especialmente, adem\u00e1s particip\u00f3 la comunidad en general.<\/p>\n<p>\u201c<em>Esto nos da visibilizaci\u00f3n y nos pone en otro nivel, porque permite que los proyectos que presentemos avancen m\u00e1s r\u00e1pido<\/em>\u201d, destac\u00f3 el <strong>Intendente Walther Marcolini<\/strong>. En este marco es que se presentar\u00e1n siete proyectos para desarrollar Alvear. En este sentido, esta visita constituye un avance concreto de las gestiones que se vienen realizando en los \u00faltimos a\u00f1os desde la comuna para lograr que General Alvear sea un polo de ciencia y tecnolog\u00eda a nivel nacional.<\/p>\n<h4><strong>CRONOGRAMA<\/strong><\/h4>\n<p><strong>Mie\u0301rcoles 15\/05<\/strong><br \/>\n<strong>14.30 hs.<\/strong> Reuni\u00f3n en Intendencia Dr. Lino Baran\u0303ao y Dr. Toma\u0301s Ameigeiras, Subsecretario de Federalizacio\u0301n con el Intendente Walther Marcolini.<br \/>\n<strong>16.00 hs<\/strong>. Visita a la finca de Fe\u0301nix, bajo programa de controladores biolo\u0301gicos<br \/>\n<strong>17.00 hs<\/strong>. Visita al laboratorio de Biotecnologi\u0301a- Ugacoop<br \/>\n<strong>18 00 hs.<\/strong> Reunio\u0301n Te\u0301cnica con referentes y cienti\u0301ficos del laboratorio<br \/>\n<strong>20 00 hs<\/strong>. Charla con Estudiantes secundarios, de nivel superior y pu\u0301blico en general. Cine Teatro Antonio Lafalla.<\/p>\n<p><strong>Jueves 16\/05<\/strong><br \/>\n<strong>8.30 hs<\/strong> Reuni\u00f3n en Intendencia.<br \/>\n<strong>9.30 hs.<\/strong> Visita al lugar donde estar\u00e1 el nuevo Observatorio &#8211; Bodega Farao\u0301n<\/p>\n<p><strong>10.30 hs.<\/strong> Conferencia de Prensa \u2013 Bodega Farao\u0301n<\/p>\n<p><a href=\"http:\/\/vinasfm.com\/noticias\/wp-content\/uploads\/2019\/05\/c370e301-0eb4-47be-8c5d-7a54b7592e2f.jpg\"><img loading=\"lazy\" decoding=\"async\" class=\" wp-image-52419 aligncenter\" src=\"http:\/\/vinasfm.com\/noticias\/wp-content\/uploads\/2019\/05\/c370e301-0eb4-47be-8c5d-7a54b7592e2f-300x300.jpg\" alt=\"\" width=\"497\" height=\"497\" srcset=\"https:\/\/vinasfm.com\/noticias\/wp-content\/uploads\/2019\/05\/c370e301-0eb4-47be-8c5d-7a54b7592e2f-300x300.jpg 300w, https:\/\/vinasfm.com\/noticias\/wp-content\/uploads\/2019\/05\/c370e301-0eb4-47be-8c5d-7a54b7592e2f-150x150.jpg 150w, https:\/\/vinasfm.com\/noticias\/wp-content\/uploads\/2019\/05\/c370e301-0eb4-47be-8c5d-7a54b7592e2f-360x360.jpg 360w, https:\/\/vinasfm.com\/noticias\/wp-content\/uploads\/2019\/05\/c370e301-0eb4-47be-8c5d-7a54b7592e2f-750x750.jpg 750w\" sizes=\"auto, (max-width: 497px) 100vw, 497px\" \/><\/a><\/p>\n<h5><em>F.B. (Redacci\u00f3n F.M. Vi\u00f1as).<\/em><\/h5>\n","protected":false},"excerpt":{"rendered":"<p>El Dr. Lino\u00a0Bara\u00f1ao estar\u00e1 en nuestro Departamento desde este mi\u00e9rcoles con el objetivo de recorrer UGACOOP y otros proyectos que se &#8230;<\/p>\n","protected":false},"author":5,"featured_media":52638,"comment_status":"open","ping_status":"open","sticky":false,"template":"","format":"standard","meta":{"footnotes":""},"categories":[1],"tags":[],"class_list":["post-52417","post","type-post","status-publish","format-standard","has-post-thumbnail","hentry","category-fmvinas"],"_links":{"self":[{"href":"https:\/\/vinasfm.com\/noticias\/wp-json\/wp\/v2\/posts\/52417","targetHints":{"allow":["GET"]}}],"collection":[{"href":"https:\/\/vinasfm.com\/noticias\/wp-json\/wp\/v2\/posts"}],"about":[{"href":"https:\/\/vinasfm.com\/noticias\/wp-json\/wp\/v2\/types\/post"}],"author":[{"embeddable":true,"href":"https:\/\/vinasfm.com\/noticias\/wp-json\/wp\/v2\/users\/5"}],"replies":[{"embeddable":true,"href":"https:\/\/vinasfm.com\/noticias\/wp-json\/wp\/v2\/comments?post=52417"}],"version-history":[{"count":2,"href":"https:\/\/vinasfm.com\/noticias\/wp-json\/wp\/v2\/posts\/52417\/revisions"}],"predecessor-version":[{"id":52641,"href":"https:\/\/vinasfm.com\/noticias\/wp-json\/wp\/v2\/posts\/52417\/revisions\/52641"}],"wp:featuredmedia":[{"embeddable":true,"href":"https:\/\/vinasfm.com\/noticias\/wp-json\/wp\/v2\/media\/52638"}],"wp:attachment":[{"href":"https:\/\/vinasfm.com\/noticias\/wp-json\/wp\/v2\/media?parent=52417"}],"wp:term":[{"taxonomy":"category","embeddable":true,"href":"https:\/\/vinasfm.com\/noticias\/wp-json\/wp\/v2\/categories?post=52417"},{"taxonomy":"post_tag","embeddable":true,"href":"https:\/\/vinasfm.com\/noticias\/wp-json\/wp\/v2\/tags?post=52417"}],"curies":[{"name":"wp","href":"https:\/\/api.w.org\/{rel}","templated":true}]}}