{"id":52363,"date":"2019-05-11T21:31:47","date_gmt":"2019-05-12T00:31:47","guid":{"rendered":"http:\/\/vinasfm.com\/noticias\/?p=52363"},"modified":"2019-05-13T12:59:41","modified_gmt":"2019-05-13T15:59:41","slug":"cornejo-mi-gestion-ha-sido-las-mas-ordenada-de-los-ultimos-tiempos","status":"publish","type":"post","link":"https:\/\/vinasfm.com\/noticias\/cornejo-mi-gestion-ha-sido-las-mas-ordenada-de-los-ultimos-tiempos\/","title":{"rendered":"CORNEJO: \u00abMI GESTI\u00d3N HA SIDO LA M\u00c1S ORDENADA DE LOS \u00daLTIMOS TIEMPOS\u00bb"},"content":{"rendered":"<h4><strong>El Gobernador realiz\u00f3 su tradicional discurso con un balance de su gesti\u00f3n y respondiendo algunos pedidos realizados por el Presidente de la C\u00e1mara de Comercio Javier Odetti. <\/strong><\/h4>\n<p>En ese marco el Jefe Provincial manifest\u00f3: \u00abLa provincia cuenta con un instrumento que es el manejo del presupuesto provincial y en ese sentido quiero decirles que no ha existido manejo m\u00e1s equilibrado que el que hubo en mi gesti\u00f3n, donde se gasta lo que\u00a0 ingresa y no se recarga al sector privado\u00bb indic\u00f3.<\/p>\n<p>Cornejo remarc\u00f3 que durante su gesti\u00f3n se logr\u00f3 independencia frente a la Naci\u00f3n a la hora de pagar sueldos y otros gastos corrientes de la Provincia,\u00a0 habl\u00f3 de la cantidad de rutas asfaltadas a pesar de la disminuci\u00f3n en la cantidad de empleados en Vialidad. Tambi\u00e9n se refiri\u00f3 a la lucha antigranizo y manifest\u00f3 que: \u00abTenemos stock para que el pr\u00f3ximo Gobernador pueda afrontar la temporada que se avecina\u00bb dijo.<\/p>\n<div id=\"attachment_52367\" style=\"width: 300px\" class=\"wp-caption alignleft\"><a href=\"http:\/\/vinasfm.com\/noticias\/wp-content\/uploads\/2019\/05\/FB_IMG_1557620921462.jpg\"><img loading=\"lazy\" decoding=\"async\" aria-describedby=\"caption-attachment-52367\" class=\" wp-image-52367\" src=\"http:\/\/vinasfm.com\/noticias\/wp-content\/uploads\/2019\/05\/FB_IMG_1557620921462-300x200.jpg\" alt=\"\" width=\"300\" height=\"200\" srcset=\"https:\/\/vinasfm.com\/noticias\/wp-content\/uploads\/2019\/05\/FB_IMG_1557620921462-300x200.jpg 300w, https:\/\/vinasfm.com\/noticias\/wp-content\/uploads\/2019\/05\/FB_IMG_1557620921462.jpg 720w\" sizes=\"auto, (max-width: 300px) 100vw, 300px\" \/><\/a><p id=\"caption-attachment-52367\" class=\"wp-caption-text\">El Gobernador Alfredo Cornejo dando su discurso ante los presentes en el almuerzo oficial.<\/p><\/div>\n<p>Por otro lado adelant\u00f3 el comienzo de dos nuevos acueductos, como son Monte Com\u00e1n La Horqueta, Santa Rosa y La Paz, \u00abpara ampliar la frontera productiva en 2500 hect\u00e1reas este es un salto cuantitativo en materia productiva\u00bb resalt\u00f3.<\/p>\n<p>Entre los anuncios, uno de los m\u00e1s destacados tuvo que ver con el llamado a licitaci\u00f3n de un edificio moderno y sustentable en el predio de UGACOOP para que cursen los m\u00e1s de 800 alumnos que poseen la Escuela Art\u00edstica Alberto Williams y el IES Salvador Calafat, adem\u00e1s de espacios de coworking. \u00abLo vamos a licitar antes de que termine mi mandato\u00bb asegur\u00f3.<\/p>\n<p>F.B.<\/p>\n","protected":false},"excerpt":{"rendered":"<p>El Gobernador realiz\u00f3 su tradicional discurso con un balance de su gesti\u00f3n y respondiendo algunos pedidos realizados por el Presidente de &#8230;<\/p>\n","protected":false},"author":5,"featured_media":52366,"comment_status":"open","ping_status":"open","sticky":false,"template":"","format":"standard","meta":{"footnotes":""},"categories":[5,28,7],"tags":[],"class_list":["post-52363","post","type-post","status-publish","format-standard","has-post-thumbnail","hentry","category-actualidad","category-fiesta-nacional-de-la-ganaderia","category-politica"],"_links":{"self":[{"href":"https:\/\/vinasfm.com\/noticias\/wp-json\/wp\/v2\/posts\/52363","targetHints":{"allow":["GET"]}}],"collection":[{"href":"https:\/\/vinasfm.com\/noticias\/wp-json\/wp\/v2\/posts"}],"about":[{"href":"https:\/\/vinasfm.com\/noticias\/wp-json\/wp\/v2\/types\/post"}],"author":[{"embeddable":true,"href":"https:\/\/vinasfm.com\/noticias\/wp-json\/wp\/v2\/users\/5"}],"replies":[{"embeddable":true,"href":"https:\/\/vinasfm.com\/noticias\/wp-json\/wp\/v2\/comments?post=52363"}],"version-history":[{"count":1,"href":"https:\/\/vinasfm.com\/noticias\/wp-json\/wp\/v2\/posts\/52363\/revisions"}],"predecessor-version":[{"id":52453,"href":"https:\/\/vinasfm.com\/noticias\/wp-json\/wp\/v2\/posts\/52363\/revisions\/52453"}],"wp:featuredmedia":[{"embeddable":true,"href":"https:\/\/vinasfm.com\/noticias\/wp-json\/wp\/v2\/media\/52366"}],"wp:attachment":[{"href":"https:\/\/vinasfm.com\/noticias\/wp-json\/wp\/v2\/media?parent=52363"}],"wp:term":[{"taxonomy":"category","embeddable":true,"href":"https:\/\/vinasfm.com\/noticias\/wp-json\/wp\/v2\/categories?post=52363"},{"taxonomy":"post_tag","embeddable":true,"href":"https:\/\/vinasfm.com\/noticias\/wp-json\/wp\/v2\/tags?post=52363"}],"curies":[{"name":"wp","href":"https:\/\/api.w.org\/{rel}","templated":true}]}}