{"id":52285,"date":"2019-05-11T07:43:41","date_gmt":"2019-05-11T10:43:41","guid":{"rendered":"http:\/\/vinasfm.com\/noticias\/?p=52285"},"modified":"2019-05-12T18:46:42","modified_gmt":"2019-05-12T21:46:42","slug":"javier-gonzalez-fraga-mantuvo-reuniones-en-la-fiesta-nacional-de-la-ganaderia","status":"publish","type":"post","link":"https:\/\/vinasfm.com\/noticias\/javier-gonzalez-fraga-mantuvo-reuniones-en-la-fiesta-nacional-de-la-ganaderia\/","title":{"rendered":"JAVIER GONZ\u00c1LEZ FRAGA MANTUVO REUNIONES EN LA FIESTA NACIONAL DE LA GANADER\u00cdA"},"content":{"rendered":"<h4><strong><span style=\"font-family: Tahoma;\">El Presidente del Banco Naci\u00f3n, Javier Gonz\u00e1lez Fraga, visit\u00f3 la Fiesta Nacional de la Ganader\u00eda y se reuni\u00f3 con el Intendente Walther Marcolini, la Directora Regional del Banco Naci\u00f3n, Ercilia Nofal y dem\u00e1s funcionarios del Banco, de la municipalidad, Cecsagal y organizadores de la Fiesta.<\/span><\/strong><\/h4>\n<div><span style=\"font-family: Tahoma;\"><strong>Javier Gonz\u00e1lez Fraga<\/strong>, <strong>Presidente del Banco Naci\u00f3n<\/strong>, mantuvo una interesante reuni\u00f3n en el predio ferial en la que se refiri\u00f3 a los cr\u00e9ditos para emprendedores y tambi\u00e9n a los cr\u00e9ditos hipotecarios en nuestra Provincia, all\u00ed asegur\u00f3 que: <em>\u201cEl Banco Naci\u00f3n representa el 53% del mercado nacional, y en Mendoza somos m\u00e1s porque somos el agente financiero por lo que debemos estar en un 60% o m\u00e1s<\/em>\u201d indic\u00f3.<\/span><\/div>\n<div><span style=\"font-family: Tahoma;\">\u00a0<\/span><\/div>\n<div><span style=\"font-family: Tahoma;\">Tambi\u00e9n se refiri\u00f3 a los <strong>cr\u00e9ditos UVA<\/strong> de la siguiente manera: \u201c<em>S\u00e9 que pagar la cuota es muy duro, pero la gente no est\u00e1 arrepentida porque cuando se endeud\u00f3 hace un a\u00f1o y medio deb\u00eda el 80% de la casa que me compr\u00e9 y hoy debo el 50%, porque el d\u00f3lar subi\u00f3 el 120% y la cuota un 50%, entonces si bien la deuda subi\u00f3 el 50% menos lo que ya pag\u00f3, ya son due\u00f1os de m\u00e1s de la mitad de la casa y la gente est\u00e1 feliz<\/em>\u201d manifest\u00f3, a la vez que dijo que le preocupa m\u00e1s la gente que a\u00fan no puede acceder a los cr\u00e9ditos \u201c<em>porque lamentablemente los inmuebles valen en d\u00f3lares, que es una rareza de la Argentina, y cuando hay una devaluaci\u00f3n se hace m\u00e1s imposible acceder a una vivienda porque los salarios no siguen al d\u00f3lar pero estamos pensando en nuevas l\u00edneas a tasas m\u00e1s bajas, con UVAs, con cuotas crecientes para que las parejas j\u00f3venes, con capacidad de crecimiento de sus ingresos, los llamados Millenials, accedan a una deuda donde al comienzo paguen el 80% de la cuota y luego el 120% despu\u00e9s de 30 a\u00f1os, pero lo importante es que la Argentina se transforme en un pa\u00eds de propietarios y no de inquilinos<\/em>\u201d expres\u00f3 <strong>Gonz\u00e1lez Fraga<\/strong>.<\/span><\/div>\n<div><span style=\"font-family: Tahoma;\">\u00a0<\/span><\/div>\n<div><span style=\"font-family: Tahoma;\">En cuanto a los <strong>microcr\u00e9ditos<\/strong>, <strong>Gonz\u00e1lez Fraga<\/strong> asegur\u00f3 que son para los emprendedores peque\u00f1os que apuntan al turismo y a otros emprendimientos, de esta forma el a\u00f1o pasado se entregaron cuarenta mil microcr\u00e9ditos de un promedio de 245 mil pesos cada uno con baj\u00edsima incobrabilidad: \u201c<em>Tenemos todo un sistema de referentes por sucursales que buscan candidatos para que nos expliquen sus proyectos, que nos cuenten c\u00f3mo van a recuperar lo invertido y cu\u00e1les son sus expectativas<\/em>\u201d dijo el <strong>Presidente del Banco Naci\u00f3n<\/strong>.<\/span><\/div>\n<div><span style=\"font-family: Tahoma;\">\u00a0<\/span><\/div>\n<div><span style=\"font-family: Tahoma;\">Asimismo <strong>Gonz\u00e1lez Fraga<\/strong> se refiri\u00f3 a los microcr\u00e9ditos y otros beneficios que el Banco Naci\u00f3n otorga, sobre todo para emprendedores: \u201c<em>Sabemos que este Pa\u00eds necesita una nueva generaci\u00f3n de empresarios con conciencia de que Argentina tiene que estar inserta al mundo, necesitamos exportar para generar sueldos y esos sueldos van a generar consumos y no al rev\u00e9s. Por eso tenemos que sembrar empresarios que sean productores en todos los sectores\u201d<\/em> dijo.<\/span><\/div>\n<div><span style=\"font-family: Tahoma;\">\u00a0<\/span><\/div>\n<div><span style=\"font-family: Tahoma;\">En cuanto al <strong>sector ganadero<\/strong>, <strong>Gonz\u00e1lez Fraga<\/strong> manifest\u00f3 que el Pa\u00eds tiene que atravesar todav\u00eda distintas etapas y que se est\u00e1 trabajando para exportar nuevos cortes a mercados como China e Inglaterra, donde el posible Brexit ser\u00eda un factor positivo debido a que se evitar\u00edan las medidas proteccionistas de Europa.<\/span><\/div>\n<div><span style=\"font-family: Tahoma;\">\u00a0<\/span><\/div>\n<div><span style=\"font-family: Tahoma;\">Una interesante reuni\u00f3n en la que el <strong>Presidente del Banco Naci\u00f3n Javier Gonz\u00e1lez Fraga<\/strong> particip\u00f3 junto a empresarios y referentes de <\/span><span style=\"font-family: Tahoma;\">instituciones del departamento.<\/span><\/div>\n<h5><em>F.B. (Redacci\u00f3n F.M. Vi\u00f1as).<\/em><\/h5>\n","protected":false},"excerpt":{"rendered":"<p>El Presidente del Banco Naci\u00f3n, Javier Gonz\u00e1lez Fraga, visit\u00f3 la Fiesta Nacional de la Ganader\u00eda y se reuni\u00f3 con el Intendente &#8230;<\/p>\n","protected":false},"author":5,"featured_media":52286,"comment_status":"open","ping_status":"open","sticky":false,"template":"","format":"standard","meta":{"footnotes":""},"categories":[5],"tags":[],"class_list":["post-52285","post","type-post","status-publish","format-standard","has-post-thumbnail","hentry","category-actualidad"],"_links":{"self":[{"href":"https:\/\/vinasfm.com\/noticias\/wp-json\/wp\/v2\/posts\/52285","targetHints":{"allow":["GET"]}}],"collection":[{"href":"https:\/\/vinasfm.com\/noticias\/wp-json\/wp\/v2\/posts"}],"about":[{"href":"https:\/\/vinasfm.com\/noticias\/wp-json\/wp\/v2\/types\/post"}],"author":[{"embeddable":true,"href":"https:\/\/vinasfm.com\/noticias\/wp-json\/wp\/v2\/users\/5"}],"replies":[{"embeddable":true,"href":"https:\/\/vinasfm.com\/noticias\/wp-json\/wp\/v2\/comments?post=52285"}],"version-history":[{"count":2,"href":"https:\/\/vinasfm.com\/noticias\/wp-json\/wp\/v2\/posts\/52285\/revisions"}],"predecessor-version":[{"id":52301,"href":"https:\/\/vinasfm.com\/noticias\/wp-json\/wp\/v2\/posts\/52285\/revisions\/52301"}],"wp:featuredmedia":[{"embeddable":true,"href":"https:\/\/vinasfm.com\/noticias\/wp-json\/wp\/v2\/media\/52286"}],"wp:attachment":[{"href":"https:\/\/vinasfm.com\/noticias\/wp-json\/wp\/v2\/media?parent=52285"}],"wp:term":[{"taxonomy":"category","embeddable":true,"href":"https:\/\/vinasfm.com\/noticias\/wp-json\/wp\/v2\/categories?post=52285"},{"taxonomy":"post_tag","embeddable":true,"href":"https:\/\/vinasfm.com\/noticias\/wp-json\/wp\/v2\/tags?post=52285"}],"curies":[{"name":"wp","href":"https:\/\/api.w.org\/{rel}","templated":true}]}}