{"id":52074,"date":"2019-05-07T09:09:52","date_gmt":"2019-05-07T12:09:52","guid":{"rendered":"http:\/\/vinasfm.com\/noticias\/?p=52074"},"modified":"2019-05-07T09:09:52","modified_gmt":"2019-05-07T12:09:52","slug":"comenzo-a-funcionar-el-sistema-de-alarmas-comunitarias-en-bowen","status":"publish","type":"post","link":"https:\/\/vinasfm.com\/noticias\/comenzo-a-funcionar-el-sistema-de-alarmas-comunitarias-en-bowen\/","title":{"rendered":"COMENZ\u00d3 A FUNCIONAR EL SISTEMA DE ALARMAS COMUNITARIAS EN BOWEN"},"content":{"rendered":"<p><strong>En el distrito del este comenz\u00f3 a funcionar el Sistema de Alarmas Comunitarias con la colocaci\u00f3n y puesta en marcha de 3 centrales.<\/strong><\/p>\n<p>El d\u00eda viernes se coloc\u00f3 la primera, en un sector comprendido por dos cuadras entre calles Sarmiento y Alvear, y Andr\u00e9s Ponce y Col\u00f3n. \u00a0En la jornada de ayer se termin\u00f3 la instalaci\u00f3n de 2 centrales en el B\u00b0 24 de noviembre.<\/p>\n<p>\u201cAyuda a persuadir, no es la soluci\u00f3n definitiva\u201d, sostuvo la edil e impulsora del SAC, Alejandra Torti.<\/p>\n<p>Respecto a la creciente preocupaci\u00f3n por la inseguridad la Concejal se\u00f1alo: \u201cHemos podido reunirnos con los jefes de la polic\u00eda\u201d.<\/p>\n<p>Por otra parte han hecho reuniones en las que se ha convocado a jueces y fiscales \u201ces donde nos surgen las mayores dudas. Hay personas mayores de edad que delinquen en reiteradas oportunidades y recuperan la libertad en solo 3 d\u00edas\u201d.<\/p>\n<p>A.C. (Redacci\u00f3n F.M. Vi\u00f1as).<\/p>\n","protected":false},"excerpt":{"rendered":"<p>En el distrito del este comenz\u00f3 a funcionar el Sistema de Alarmas Comunitarias con la colocaci\u00f3n y puesta en marcha de &#8230;<\/p>\n","protected":false},"author":5,"featured_media":52075,"comment_status":"open","ping_status":"open","sticky":false,"template":"","format":"standard","meta":{"footnotes":""},"categories":[1],"tags":[],"class_list":["post-52074","post","type-post","status-publish","format-standard","has-post-thumbnail","hentry","category-fmvinas"],"_links":{"self":[{"href":"https:\/\/vinasfm.com\/noticias\/wp-json\/wp\/v2\/posts\/52074","targetHints":{"allow":["GET"]}}],"collection":[{"href":"https:\/\/vinasfm.com\/noticias\/wp-json\/wp\/v2\/posts"}],"about":[{"href":"https:\/\/vinasfm.com\/noticias\/wp-json\/wp\/v2\/types\/post"}],"author":[{"embeddable":true,"href":"https:\/\/vinasfm.com\/noticias\/wp-json\/wp\/v2\/users\/5"}],"replies":[{"embeddable":true,"href":"https:\/\/vinasfm.com\/noticias\/wp-json\/wp\/v2\/comments?post=52074"}],"version-history":[{"count":1,"href":"https:\/\/vinasfm.com\/noticias\/wp-json\/wp\/v2\/posts\/52074\/revisions"}],"predecessor-version":[{"id":52076,"href":"https:\/\/vinasfm.com\/noticias\/wp-json\/wp\/v2\/posts\/52074\/revisions\/52076"}],"wp:featuredmedia":[{"embeddable":true,"href":"https:\/\/vinasfm.com\/noticias\/wp-json\/wp\/v2\/media\/52075"}],"wp:attachment":[{"href":"https:\/\/vinasfm.com\/noticias\/wp-json\/wp\/v2\/media?parent=52074"}],"wp:term":[{"taxonomy":"category","embeddable":true,"href":"https:\/\/vinasfm.com\/noticias\/wp-json\/wp\/v2\/categories?post=52074"},{"taxonomy":"post_tag","embeddable":true,"href":"https:\/\/vinasfm.com\/noticias\/wp-json\/wp\/v2\/tags?post=52074"}],"curies":[{"name":"wp","href":"https:\/\/api.w.org\/{rel}","templated":true}]}}