{"id":52054,"date":"2019-05-07T01:56:00","date_gmt":"2019-05-07T04:56:00","guid":{"rendered":"http:\/\/vinasfm.com\/noticias\/?p=52054"},"modified":"2019-05-07T08:28:18","modified_gmt":"2019-05-07T11:28:18","slug":"se-amplia-la-planta-de-residuos-solidos-urbanos","status":"publish","type":"post","link":"https:\/\/vinasfm.com\/noticias\/se-amplia-la-planta-de-residuos-solidos-urbanos\/","title":{"rendered":"SE AMPL\u00cdA LA PLANTA DE RESIDUOS S\u00d3LIDOS URBANOS"},"content":{"rendered":"<h4><strong><span style=\"font-family: Tahoma;\">El a\u00f1o pasado el intendente Walther Marcolini firm\u00f3 un convenio con el Secretario de Ambiente Sergio Bergman, por el cual nuestro departamento se ve fuertemente beneficiado con pol\u00edticas de cuidado del ambiente.<\/span><\/strong><\/h4>\n<div><span style=\"font-family: Tahoma;\">El convenio firmado el a\u00f1o pasado con el actual Secretario de Ambiente consisti\u00f3 en fondos para la ampliaci\u00f3n de la <strong>Planta de Residuos S\u00f3lidos Urbanos<\/strong> de 120 metros cuadrados, y tambi\u00e9n el apoyo a Programas de Capacitaci\u00f3n para la separaci\u00f3n de los residuos en origen; adem\u00e1s de un cami\u00f3n volcador, una mini cargadora, 10 contenedores pl\u00e1sticos de 1 m3, 9 campanas para 3 puntos verdes: Papel y cart\u00f3n, vidrio y PET, y aluminio y 20 contenedores pl\u00e1sticos de 50 litros para ser instalados en distintas reparticiones municipales.<\/span><\/div>\n<div><span style=\"font-family: Tahoma;\">\u00a0<\/span><\/div>\n<div><span style=\"font-family: Tahoma;\">Todas estas gestiones tuvieron su fruto a lo largo de los meses siguiente, tal como lo explic\u00f3 el <strong>Director de Gesti\u00f3n Ambiental Carlos P\u00eda<\/strong>: \u201c<em>Estamos dando cierre a la actividad que comenz\u00f3 el a\u00f1o pasado con la llegada de los contenedores, el cami\u00f3n, la m\u00e1quina para trabajar en la Planta de Residuos, que es el <strong>Programa Ciudades Sustentables<\/strong>, la \u00faltima parte de este programa consist\u00eda en la construcci\u00f3n de un galp\u00f3n de acopio para la Planta de RSU, que vendr\u00e1 a resolver un problema donde se acopia el cart\u00f3n\u201d.\u00a0<\/em><\/span><\/div>\n<div><span style=\"font-family: Tahoma;\">\u00a0<\/span><\/div>\n<div><span style=\"font-family: Tahoma;\">En total son 150 mts2 de un nuevo tinglado que se est\u00e1 construyendo y ya se comenz\u00f3 con los cimientos y las bases para este trabajo. Tambi\u00e9n se est\u00e1n realizando la tareas de metalurgia y en cuanto fraguen las bases se colocar\u00e1 el tinglado, dando por finalizado el Programa Ciudades Sustentables, brindando mayor seguridad y comodidad a los trabajadores de la <strong>Cooperativa Anul\u00e9n Suyai<\/strong>.<\/span><\/div>\n<div><span style=\"font-family: Tahoma;\">\u00a0<\/span><\/div>\n<div><span style=\"font-family: Tahoma;\">En cuanto al biodigestor que se est\u00e1 trabajando junto al INTI, Cofecyt, y Fundaci\u00f3n Universidad Nacional de Cuyo, se confirm\u00f3 el aval al convenio firmado por el <strong>intendente Walther Marcolini<\/strong>, lo que significa que comenzar\u00e1n a llegar los fondos a la UNCuyo, permitiendo que se realicen las tareas t\u00e9cnicas del biodigestor.<\/span><\/div>\n<div><\/div>\n<div><span style=\"font-family: Tahoma;\">Un <strong>biodigestor<\/strong> es fundamental para producir energ\u00eda a partir de los residuos s\u00f3lidos que son separados en la planta: \u201c<em>Lo primero que hay que pensar a la hora de qu\u00e9 hacer con los residuos es tratar de devolverlos al circuito productivo, que eso lo estamos haciendo a trav\u00e9s del reciclaje, y en segundo lugar una valorizaci\u00f3n energ\u00e9tica de esos residuos a trav\u00e9s de biog\u00e1s o incineraci\u00f3n para producir electricidad, en tercer lugar se piensa en un relleno sanitario<\/em>\u201d, explic\u00f3 <strong>P\u00eda<\/strong>\u00a0acerca de este biodigestor peque\u00f1o que podr\u00eda servir como un modelo escalable para otros puntos del pa\u00eds.<\/span><\/div>\n<h5><em>F.B. (Redacci\u00f3n F.M. Vi\u00f1as).<\/em><\/h5>\n","protected":false},"excerpt":{"rendered":"<p>El a\u00f1o pasado el intendente Walther Marcolini firm\u00f3 un convenio con el Secretario de Ambiente Sergio Bergman, por el cual nuestro &#8230;<\/p>\n","protected":false},"author":5,"featured_media":52055,"comment_status":"open","ping_status":"open","sticky":false,"template":"","format":"standard","meta":{"footnotes":""},"categories":[1],"tags":[],"class_list":["post-52054","post","type-post","status-publish","format-standard","has-post-thumbnail","hentry","category-fmvinas"],"_links":{"self":[{"href":"https:\/\/vinasfm.com\/noticias\/wp-json\/wp\/v2\/posts\/52054","targetHints":{"allow":["GET"]}}],"collection":[{"href":"https:\/\/vinasfm.com\/noticias\/wp-json\/wp\/v2\/posts"}],"about":[{"href":"https:\/\/vinasfm.com\/noticias\/wp-json\/wp\/v2\/types\/post"}],"author":[{"embeddable":true,"href":"https:\/\/vinasfm.com\/noticias\/wp-json\/wp\/v2\/users\/5"}],"replies":[{"embeddable":true,"href":"https:\/\/vinasfm.com\/noticias\/wp-json\/wp\/v2\/comments?post=52054"}],"version-history":[{"count":1,"href":"https:\/\/vinasfm.com\/noticias\/wp-json\/wp\/v2\/posts\/52054\/revisions"}],"predecessor-version":[{"id":52056,"href":"https:\/\/vinasfm.com\/noticias\/wp-json\/wp\/v2\/posts\/52054\/revisions\/52056"}],"wp:featuredmedia":[{"embeddable":true,"href":"https:\/\/vinasfm.com\/noticias\/wp-json\/wp\/v2\/media\/52055"}],"wp:attachment":[{"href":"https:\/\/vinasfm.com\/noticias\/wp-json\/wp\/v2\/media?parent=52054"}],"wp:term":[{"taxonomy":"category","embeddable":true,"href":"https:\/\/vinasfm.com\/noticias\/wp-json\/wp\/v2\/categories?post=52054"},{"taxonomy":"post_tag","embeddable":true,"href":"https:\/\/vinasfm.com\/noticias\/wp-json\/wp\/v2\/tags?post=52054"}],"curies":[{"name":"wp","href":"https:\/\/api.w.org\/{rel}","templated":true}]}}