{"id":52031,"date":"2019-05-06T11:09:36","date_gmt":"2019-05-06T14:09:36","guid":{"rendered":"http:\/\/vinasfm.com\/noticias\/?p=52031"},"modified":"2019-05-06T11:27:36","modified_gmt":"2019-05-06T14:27:36","slug":"fotogaleria-inauguraron-obras-en-corral-de-lorca","status":"publish","type":"post","link":"https:\/\/vinasfm.com\/noticias\/fotogaleria-inauguraron-obras-en-corral-de-lorca\/","title":{"rendered":"FOTOGALER\u00cdA: INAUGURARON OBRAS EN CORRAL DE LORCA"},"content":{"rendered":"<h4><strong>El pasado s\u00e1bado en una jornada colmada de fiesta los pueblerinos, el Intendente Walther Marcolini y parte de su gabinete realizaron la reinauguraci\u00f3n del SUM del Paraje Corral de Lorca.<\/strong><\/h4>\n<p>Esta obra consiste en la construcci\u00f3n de cocina, ba\u00f1os, dep\u00f3sito, veredas y trabajos de electricidad, es una inversi\u00f3n de m\u00e1s de 1 mill\u00f3n de pesos.<\/p>\n<p>Tambi\u00e9n <strong>quedaron inaugurados los corrales donde podr\u00e1n contener al ganado, realizar rodeo y pasturas<\/strong>, esto corresponde al <strong>Programa para el Desarrollo Rural Incluyente del Ministro de Econom\u00eda, Infraestructura y Energ\u00eda<\/strong>. Es importante aclarar que el <strong>Paraje de El Corral de Lorca <\/strong>cuenta con una asociaci\u00f3n en la actualidad con <strong>18 socios activos<\/strong>, la mayor\u00eda realiza actividades ganaderas en secano, bovina y caprina, con situaci\u00f3n t\u00edpica de subsistencia. Los beneficiarios del proyecto <strong>PRODERI<\/strong> son 18 productores cuyos grupos familiares suman 41 personas.<\/p>\n<p>Se encontraron presente el Intendente Walter Marcolini, la Dip. Marisel Arriaga, el Secretario de Gobierno Jos\u00e9 Vilches, V\u00edctor \u00c1lvarez Secretario de Obras y Servicios P\u00fablicos, Juan Jos\u00e9 Castro Delegado del \u00c1rea Departamental de Salud, Horacio Sarsotti, Presidente de COSPAC, Dami\u00e1n Carb\u00f3 M\u00e9dico Veterinario PRODERI, Concejal Felix Grasso, Patricia Salice Asesora de la Mujer y Familia, Norma Ruiz Directora de Educaci\u00f3n, Adolfo Balverde Director de Defensa Civil, Mirta Gianetto Asesora de Personer\u00eda Jur\u00eddica.<\/p>\n<p><strong>Gabriel \u00c1lvarez<\/strong>, \u00a0<strong>Pte. Uni\u00f3n Vecinal<\/strong> manifest\u00f3: \u201c<em>esta obra es algo que hab\u00edamos pedido hace tiempo, es un gran esfuerzo que est\u00e1 haciendo la Municipalidad, la verdad que yo me emocion\u00e9 mucho, estamos muy agradecidos, ahora vamos a poder usarlo para poder dar talleres a los chicos, para toda la comunidad, para hacer diferentes actividades\u201d.<\/em><\/p>\n<p>El <strong>Intendente Walther Marcolini<\/strong> expres\u00f3: \u201c<em>Esto es algo que nos ped\u00eda la comunidad, quer\u00edamos dejarlo reinaugurado, porque sabemos que es muy importante para la comunidad, creo que es importante para todos contar con lo institucional, como la escuela, el \u00c1rea Departamental, la Polic\u00eda, de eso se trata, de brindar servicios, de un estado presente. Este es un sal\u00f3n que es para toda la comunidad, ahora depende de ustedes aprovecharlo y cuidarlo<\/em>.\u201d<\/p>\n<p>Adem\u00e1s <strong>Marcolini <\/strong>dijo \u201c<em>Quiero tambi\u00e9n hablarles del Cluster Ganadero porque sus campos son beneficiario de esto, incluye 984 mil hect\u00e1reas para el campo a la que va a llegar agua de calidad para el ganado del acueducto Bowen \u2013 Canaleja son 600 km de ca\u00f1er\u00eda, una obra que paga \u00edntegramente la Provincia, sino tenemos agua de calidad, no tenemos ganado de calidad<\/em>\u201d.<\/p>\n<p><strong>Hern\u00e1n Climent<\/strong>, <strong>Delegado de Bowen<\/strong> dijo: <em>\u201cEste es un logro m\u00e1s de lo que solicitan los Parajes, de descentralizar los recursos\u00a0 del Municipio. Cuando empezamos en la gesti\u00f3n esto era un sal\u00f3n solamente\u00a0 y le faltaba toda la parte fina, el objetivo es que lo use toda la comunidad y todas las instituciones que se encuentran en este Paraje\u201d.<\/em><\/p>\n<p><strong>Mar\u00eda In\u00e9s \u00c1vila<\/strong>, una vecina del lugar, manifest\u00f3: \u201c<em>Estamos muy contentos con obra, el objetivo es usarlo para todo lo que necesiten los vecinos, como talleres, capacitaciones, educaci\u00f3n f\u00edsica a los chicos, etc. Reuniones, esto es muy importante porque le da vida a la comunidad\u201d.\u00a0<\/em><\/p>\n<h4><strong>GALER\u00cdA<\/strong><\/h4>\n<p><a href=\"http:\/\/vinasfm.com\/noticias\/wp-content\/uploads\/2019\/05\/4f82108b-cd16-4e04-9fb9-e10eba0bae1e.jpg\"><img loading=\"lazy\" decoding=\"async\" class=\" wp-image-52035 aligncenter\" src=\"http:\/\/vinasfm.com\/noticias\/wp-content\/uploads\/2019\/05\/4f82108b-cd16-4e04-9fb9-e10eba0bae1e-300x199.jpg\" alt=\"\" width=\"557\" height=\"369\" srcset=\"https:\/\/vinasfm.com\/noticias\/wp-content\/uploads\/2019\/05\/4f82108b-cd16-4e04-9fb9-e10eba0bae1e-300x199.jpg 300w, https:\/\/vinasfm.com\/noticias\/wp-content\/uploads\/2019\/05\/4f82108b-cd16-4e04-9fb9-e10eba0bae1e-768x508.jpg 768w, https:\/\/vinasfm.com\/noticias\/wp-content\/uploads\/2019\/05\/4f82108b-cd16-4e04-9fb9-e10eba0bae1e-1024x678.jpg 1024w, https:\/\/vinasfm.com\/noticias\/wp-content\/uploads\/2019\/05\/4f82108b-cd16-4e04-9fb9-e10eba0bae1e.jpg 1280w\" sizes=\"auto, (max-width: 557px) 100vw, 557px\" \/><\/a> <a href=\"http:\/\/vinasfm.com\/noticias\/wp-content\/uploads\/2019\/05\/32d96784-c97c-41c0-b541-4725621c2368.jpg\"><img loading=\"lazy\" decoding=\"async\" class=\" wp-image-52036 aligncenter\" src=\"http:\/\/vinasfm.com\/noticias\/wp-content\/uploads\/2019\/05\/32d96784-c97c-41c0-b541-4725621c2368-300x199.jpg\" alt=\"\" width=\"523\" height=\"347\" srcset=\"https:\/\/vinasfm.com\/noticias\/wp-content\/uploads\/2019\/05\/32d96784-c97c-41c0-b541-4725621c2368-300x199.jpg 300w, https:\/\/vinasfm.com\/noticias\/wp-content\/uploads\/2019\/05\/32d96784-c97c-41c0-b541-4725621c2368-768x508.jpg 768w, https:\/\/vinasfm.com\/noticias\/wp-content\/uploads\/2019\/05\/32d96784-c97c-41c0-b541-4725621c2368-1024x678.jpg 1024w, https:\/\/vinasfm.com\/noticias\/wp-content\/uploads\/2019\/05\/32d96784-c97c-41c0-b541-4725621c2368.jpg 1280w\" sizes=\"auto, (max-width: 523px) 100vw, 523px\" \/><\/a> <a href=\"http:\/\/vinasfm.com\/noticias\/wp-content\/uploads\/2019\/05\/1240b3b1-7fd5-4b62-b280-b0c9f7288bd0.jpg\"><img loading=\"lazy\" decoding=\"async\" class=\" wp-image-52037 aligncenter\" src=\"http:\/\/vinasfm.com\/noticias\/wp-content\/uploads\/2019\/05\/1240b3b1-7fd5-4b62-b280-b0c9f7288bd0-300x199.jpg\" alt=\"\" width=\"535\" height=\"355\" srcset=\"https:\/\/vinasfm.com\/noticias\/wp-content\/uploads\/2019\/05\/1240b3b1-7fd5-4b62-b280-b0c9f7288bd0-300x199.jpg 300w, https:\/\/vinasfm.com\/noticias\/wp-content\/uploads\/2019\/05\/1240b3b1-7fd5-4b62-b280-b0c9f7288bd0-768x508.jpg 768w, https:\/\/vinasfm.com\/noticias\/wp-content\/uploads\/2019\/05\/1240b3b1-7fd5-4b62-b280-b0c9f7288bd0-1024x678.jpg 1024w, https:\/\/vinasfm.com\/noticias\/wp-content\/uploads\/2019\/05\/1240b3b1-7fd5-4b62-b280-b0c9f7288bd0.jpg 1280w\" sizes=\"auto, (max-width: 535px) 100vw, 535px\" \/><\/a> <a href=\"http:\/\/vinasfm.com\/noticias\/wp-content\/uploads\/2019\/05\/75393477-524f-4e4f-b3c5-1bb26a092933.jpg\"><img loading=\"lazy\" decoding=\"async\" class=\" wp-image-52038 aligncenter\" src=\"http:\/\/vinasfm.com\/noticias\/wp-content\/uploads\/2019\/05\/75393477-524f-4e4f-b3c5-1bb26a092933-300x199.jpg\" alt=\"\" width=\"520\" height=\"345\" srcset=\"https:\/\/vinasfm.com\/noticias\/wp-content\/uploads\/2019\/05\/75393477-524f-4e4f-b3c5-1bb26a092933-300x199.jpg 300w, https:\/\/vinasfm.com\/noticias\/wp-content\/uploads\/2019\/05\/75393477-524f-4e4f-b3c5-1bb26a092933-768x508.jpg 768w, https:\/\/vinasfm.com\/noticias\/wp-content\/uploads\/2019\/05\/75393477-524f-4e4f-b3c5-1bb26a092933-1024x678.jpg 1024w, https:\/\/vinasfm.com\/noticias\/wp-content\/uploads\/2019\/05\/75393477-524f-4e4f-b3c5-1bb26a092933.jpg 1280w\" sizes=\"auto, (max-width: 520px) 100vw, 520px\" \/><\/a> <a href=\"http:\/\/vinasfm.com\/noticias\/wp-content\/uploads\/2019\/05\/e529bb22-7a38-4f18-9500-b3c99eb8bc01.jpg\"><img loading=\"lazy\" decoding=\"async\" class=\" wp-image-52039 aligncenter\" src=\"http:\/\/vinasfm.com\/noticias\/wp-content\/uploads\/2019\/05\/e529bb22-7a38-4f18-9500-b3c99eb8bc01-300x199.jpg\" alt=\"\" width=\"532\" height=\"353\" srcset=\"https:\/\/vinasfm.com\/noticias\/wp-content\/uploads\/2019\/05\/e529bb22-7a38-4f18-9500-b3c99eb8bc01-300x199.jpg 300w, https:\/\/vinasfm.com\/noticias\/wp-content\/uploads\/2019\/05\/e529bb22-7a38-4f18-9500-b3c99eb8bc01-768x508.jpg 768w, https:\/\/vinasfm.com\/noticias\/wp-content\/uploads\/2019\/05\/e529bb22-7a38-4f18-9500-b3c99eb8bc01-1024x678.jpg 1024w, https:\/\/vinasfm.com\/noticias\/wp-content\/uploads\/2019\/05\/e529bb22-7a38-4f18-9500-b3c99eb8bc01.jpg 1280w\" sizes=\"auto, (max-width: 532px) 100vw, 532px\" \/><\/a> <a href=\"http:\/\/vinasfm.com\/noticias\/wp-content\/uploads\/2019\/05\/f187c5d8-7a08-4854-8c16-25013016bd55.jpg\"><img loading=\"lazy\" decoding=\"async\" class=\" wp-image-52040 aligncenter\" src=\"http:\/\/vinasfm.com\/noticias\/wp-content\/uploads\/2019\/05\/f187c5d8-7a08-4854-8c16-25013016bd55-300x199.jpg\" alt=\"\" width=\"526\" height=\"349\" srcset=\"https:\/\/vinasfm.com\/noticias\/wp-content\/uploads\/2019\/05\/f187c5d8-7a08-4854-8c16-25013016bd55-300x199.jpg 300w, https:\/\/vinasfm.com\/noticias\/wp-content\/uploads\/2019\/05\/f187c5d8-7a08-4854-8c16-25013016bd55-768x508.jpg 768w, https:\/\/vinasfm.com\/noticias\/wp-content\/uploads\/2019\/05\/f187c5d8-7a08-4854-8c16-25013016bd55-1024x678.jpg 1024w, https:\/\/vinasfm.com\/noticias\/wp-content\/uploads\/2019\/05\/f187c5d8-7a08-4854-8c16-25013016bd55.jpg 1280w\" sizes=\"auto, (max-width: 526px) 100vw, 526px\" \/><\/a><\/p>\n<h5><em>F.B. (Redacci\u00f3n F.M. Vi\u00f1as).<\/em><\/h5>\n","protected":false},"excerpt":{"rendered":"<p>El pasado s\u00e1bado en una jornada colmada de fiesta los pueblerinos, el Intendente Walther Marcolini y parte de su gabinete realizaron &#8230;<\/p>\n","protected":false},"author":5,"featured_media":52033,"comment_status":"open","ping_status":"open","sticky":false,"template":"","format":"standard","meta":{"footnotes":""},"categories":[1],"tags":[],"class_list":["post-52031","post","type-post","status-publish","format-standard","has-post-thumbnail","hentry","category-fmvinas"],"_links":{"self":[{"href":"https:\/\/vinasfm.com\/noticias\/wp-json\/wp\/v2\/posts\/52031","targetHints":{"allow":["GET"]}}],"collection":[{"href":"https:\/\/vinasfm.com\/noticias\/wp-json\/wp\/v2\/posts"}],"about":[{"href":"https:\/\/vinasfm.com\/noticias\/wp-json\/wp\/v2\/types\/post"}],"author":[{"embeddable":true,"href":"https:\/\/vinasfm.com\/noticias\/wp-json\/wp\/v2\/users\/5"}],"replies":[{"embeddable":true,"href":"https:\/\/vinasfm.com\/noticias\/wp-json\/wp\/v2\/comments?post=52031"}],"version-history":[{"count":1,"href":"https:\/\/vinasfm.com\/noticias\/wp-json\/wp\/v2\/posts\/52031\/revisions"}],"predecessor-version":[{"id":52043,"href":"https:\/\/vinasfm.com\/noticias\/wp-json\/wp\/v2\/posts\/52031\/revisions\/52043"}],"wp:featuredmedia":[{"embeddable":true,"href":"https:\/\/vinasfm.com\/noticias\/wp-json\/wp\/v2\/media\/52033"}],"wp:attachment":[{"href":"https:\/\/vinasfm.com\/noticias\/wp-json\/wp\/v2\/media?parent=52031"}],"wp:term":[{"taxonomy":"category","embeddable":true,"href":"https:\/\/vinasfm.com\/noticias\/wp-json\/wp\/v2\/categories?post=52031"},{"taxonomy":"post_tag","embeddable":true,"href":"https:\/\/vinasfm.com\/noticias\/wp-json\/wp\/v2\/tags?post=52031"}],"curies":[{"name":"wp","href":"https:\/\/api.w.org\/{rel}","templated":true}]}}