{"id":52028,"date":"2019-05-06T10:58:54","date_gmt":"2019-05-06T13:58:54","guid":{"rendered":"http:\/\/vinasfm.com\/noticias\/?p=52028"},"modified":"2019-05-06T10:58:54","modified_gmt":"2019-05-06T13:58:54","slug":"carime-martinez-es-la-reina-de-la-mineria-2019","status":"publish","type":"post","link":"https:\/\/vinasfm.com\/noticias\/carime-martinez-es-la-reina-de-la-mineria-2019\/","title":{"rendered":"CARIME MARTINEZ ES LA REINA DE LA MINER\u00cdA 2019"},"content":{"rendered":"<h4><strong>Carime Mart\u00ednez, que represent\u00f3 a la C\u00e1mara de empresarios mineros de Mendoza, se convirti\u00f3 el pasado viernes en la reina departamental de la miner\u00eda 2019. El virreinado qued\u00f3 en manos de Nicole Olivares.<\/strong><\/h4>\n<p>Este martes, D\u00eda de la miner\u00eda en homenaje a la primera \u00ab<strong>Ley de Fomento Minero<\/strong>\u00ab, sancionada en 7 de Mayo de 1813 por la Asamblea Constituyente, se ha previsto un acto en la <strong>escuela T\u00e9cnica Minera<\/strong> a las 09:30.<\/p>\n<p>A las <strong>13:30<\/strong>, <strong>en restaurante La Cima de ruta 40 norte<\/strong>, tendr\u00e1 lugar un almuerzo de camarader\u00eda.<strong> Las tarjetas est\u00e1n a la venta y tienen un valor de $ 700<\/strong>.<\/p>\n<p>Las actividades son organizadas por el municipalidad de Malarg\u00fce, Federaci\u00f3n Econ\u00f3mica de Mendoza, C\u00e1mara de Comercio de Malarg\u00fce, C\u00e1mara de empresarios mineros de Mendoza y Clauster minero de Mendoza.<\/p>\n<h5><em>F.B. (Redacci\u00f3n F.M. Vi\u00f1as).<\/em><\/h5>\n","protected":false},"excerpt":{"rendered":"<p>Carime Mart\u00ednez, que represent\u00f3 a la C\u00e1mara de empresarios mineros de Mendoza, se convirti\u00f3 el pasado viernes en la reina departamental &#8230;<\/p>\n","protected":false},"author":5,"featured_media":52029,"comment_status":"open","ping_status":"open","sticky":false,"template":"","format":"standard","meta":{"footnotes":""},"categories":[5,10],"tags":[],"class_list":["post-52028","post","type-post","status-publish","format-standard","has-post-thumbnail","hentry","category-actualidad","category-destacadas"],"_links":{"self":[{"href":"https:\/\/vinasfm.com\/noticias\/wp-json\/wp\/v2\/posts\/52028","targetHints":{"allow":["GET"]}}],"collection":[{"href":"https:\/\/vinasfm.com\/noticias\/wp-json\/wp\/v2\/posts"}],"about":[{"href":"https:\/\/vinasfm.com\/noticias\/wp-json\/wp\/v2\/types\/post"}],"author":[{"embeddable":true,"href":"https:\/\/vinasfm.com\/noticias\/wp-json\/wp\/v2\/users\/5"}],"replies":[{"embeddable":true,"href":"https:\/\/vinasfm.com\/noticias\/wp-json\/wp\/v2\/comments?post=52028"}],"version-history":[{"count":1,"href":"https:\/\/vinasfm.com\/noticias\/wp-json\/wp\/v2\/posts\/52028\/revisions"}],"predecessor-version":[{"id":52030,"href":"https:\/\/vinasfm.com\/noticias\/wp-json\/wp\/v2\/posts\/52028\/revisions\/52030"}],"wp:featuredmedia":[{"embeddable":true,"href":"https:\/\/vinasfm.com\/noticias\/wp-json\/wp\/v2\/media\/52029"}],"wp:attachment":[{"href":"https:\/\/vinasfm.com\/noticias\/wp-json\/wp\/v2\/media?parent=52028"}],"wp:term":[{"taxonomy":"category","embeddable":true,"href":"https:\/\/vinasfm.com\/noticias\/wp-json\/wp\/v2\/categories?post=52028"},{"taxonomy":"post_tag","embeddable":true,"href":"https:\/\/vinasfm.com\/noticias\/wp-json\/wp\/v2\/tags?post=52028"}],"curies":[{"name":"wp","href":"https:\/\/api.w.org\/{rel}","templated":true}]}}