{"id":50272,"date":"2019-03-29T08:37:43","date_gmt":"2019-03-29T11:37:43","guid":{"rendered":"http:\/\/vinasfm.com\/noticias\/?p=50272"},"modified":"2019-03-29T08:37:43","modified_gmt":"2019-03-29T11:37:43","slug":"un-ciclista-fue-hospitalizado-tras-colisionar-con-una-moto","status":"publish","type":"post","link":"https:\/\/vinasfm.com\/noticias\/un-ciclista-fue-hospitalizado-tras-colisionar-con-una-moto\/","title":{"rendered":"UN CICLISTA FUE HOSPITALIZADO TRAS COLISIONAR CON UNA MOTO"},"content":{"rendered":"<h4><strong>En la intersecci\u00f3n de calle Alberdi y Avenida Alvear Este un motociclista colision\u00f3 con un ciclista en horas de la tarde de este mi\u00e9rcoles.<\/strong><\/h4>\n<p>El conductor del rodado menor se dirig\u00eda por <strong>calle Alberdi <\/strong>y al llegar a la intersecci\u00f3n con <strong>Avenida Alvear Este<\/strong> colisiona con una motocicleta que se dirig\u00eda hacia el Oeste por esa arteria.<\/p>\n<p>Como consecuencia del impacto, el ciclista fue derivado al nosocomio local para su asistencia donde le diagnosticaron <strong>politraumatismos<\/strong>. A las pocas horas le dieron el alta m\u00e9dica.<\/p>\n<p>Intervino en el hecho la <strong>Unidad Fiscal de Comisaria 14\u00b0<\/strong>.<\/p>\n<h5><em>Por F.B. (Redacci\u00f3n F.M. Vi\u00f1as).<\/em><\/h5>\n","protected":false},"excerpt":{"rendered":"<p>En la intersecci\u00f3n de calle Alberdi y Avenida Alvear Este un motociclista colision\u00f3 con un ciclista en horas de la tarde &#8230;<\/p>\n","protected":false},"author":5,"featured_media":45224,"comment_status":"open","ping_status":"open","sticky":false,"template":"","format":"standard","meta":{"footnotes":""},"categories":[5,4],"tags":[],"class_list":["post-50272","post","type-post","status-publish","format-standard","has-post-thumbnail","hentry","category-actualidad","category-policiales"],"_links":{"self":[{"href":"https:\/\/vinasfm.com\/noticias\/wp-json\/wp\/v2\/posts\/50272","targetHints":{"allow":["GET"]}}],"collection":[{"href":"https:\/\/vinasfm.com\/noticias\/wp-json\/wp\/v2\/posts"}],"about":[{"href":"https:\/\/vinasfm.com\/noticias\/wp-json\/wp\/v2\/types\/post"}],"author":[{"embeddable":true,"href":"https:\/\/vinasfm.com\/noticias\/wp-json\/wp\/v2\/users\/5"}],"replies":[{"embeddable":true,"href":"https:\/\/vinasfm.com\/noticias\/wp-json\/wp\/v2\/comments?post=50272"}],"version-history":[{"count":1,"href":"https:\/\/vinasfm.com\/noticias\/wp-json\/wp\/v2\/posts\/50272\/revisions"}],"predecessor-version":[{"id":50274,"href":"https:\/\/vinasfm.com\/noticias\/wp-json\/wp\/v2\/posts\/50272\/revisions\/50274"}],"wp:featuredmedia":[{"embeddable":true,"href":"https:\/\/vinasfm.com\/noticias\/wp-json\/wp\/v2\/media\/45224"}],"wp:attachment":[{"href":"https:\/\/vinasfm.com\/noticias\/wp-json\/wp\/v2\/media?parent=50272"}],"wp:term":[{"taxonomy":"category","embeddable":true,"href":"https:\/\/vinasfm.com\/noticias\/wp-json\/wp\/v2\/categories?post=50272"},{"taxonomy":"post_tag","embeddable":true,"href":"https:\/\/vinasfm.com\/noticias\/wp-json\/wp\/v2\/tags?post=50272"}],"curies":[{"name":"wp","href":"https:\/\/api.w.org\/{rel}","templated":true}]}}