{"id":50257,"date":"2019-03-28T11:37:55","date_gmt":"2019-03-28T14:37:55","guid":{"rendered":"http:\/\/vinasfm.com\/noticias\/?p=50257"},"modified":"2019-03-28T11:37:55","modified_gmt":"2019-03-28T14:37:55","slug":"asi-quedo-el-item-zona-en-alvear","status":"publish","type":"post","link":"https:\/\/vinasfm.com\/noticias\/asi-quedo-el-item-zona-en-alvear\/","title":{"rendered":"AS\u00cd QUED\u00d3 EL \u00abITEM ZONA\u00bb EN ALVEAR"},"content":{"rendered":"<h3>La Direcci\u00f3n General de Escuelas present\u00f3 el listado de la recategorizaci\u00f3n de las escuelas de la provincia que determina el nuevo \u00edtem \u201cUbicaci\u00f3n Establecimientos Educativos\u00bb, ex \u00edtem zona.<\/h3>\n<p>En nuestro departamento de acuerdo al sondeo realizado por F.M. Vi\u00f1as, las escuelas del centro de la ciudad tanto primar\u00edas como secundar\u00edas, tienen el 0% de zona en promedio (Capital Federal, Carlos Mar\u00eda, R\u00edo Atuel), las ubicadas m\u00e1s distantes del centro el 30% (R\u00edos Mendocinos), en zonas marginales rondan el 50% (Alas Argentinas, Delia Euliarte de Salonia).<\/p>\n<p>Aquellas ubicadas en zonas rurales y en distritos rondan el 70% (Dardo Rocha, Bandera de los Andes, Pedro Pascual Segura, R\u00edos Mendocinos, Nicol\u00e1s Luna, \u00c9nore de Monte).<\/p>\n<p>Al 100% se encuentran aquellas escuela albergue o en zonas rurales muy alejadas (Provincia de San Luis, Teniente Coronel Marcos Gra\u00f1a).<\/p>\n<p>Es importante destacar que algunas escuelas no condicen con los porcentajes detallados.<\/p>\n<p><em><strong>Ingres\u00e1 y control\u00e1 el nuevo mapa del \u00ab\u00edtem zona\u201d\u00a0 <a href=\"http:\/\/www.zonasdge.mendoza.gov.ar\/\">http:\/\/www.zonasdge.mendoza.gov.ar\/<\/a><\/strong><\/em><\/p>\n<h4><strong>\u00a0QU\u00c9 EVALU\u00d3 EL SONDEO<\/strong><\/h4>\n<p>El informe t\u00e9cnico que dispuso la Direcci\u00f3n de Estad\u00edsticas e Investigaciones Econ\u00f3micas (DEIE) analiz\u00f3 las condiciones sociales, de infraestructura y servicios de cada escuela que establece la Ley 9031 y el Decreto 250, lo que determin\u00f3 la nueva clasificaci\u00f3n.<\/p>\n<p>El director de la Direcci\u00f3n de Estad\u00edsticas e Investigaciones Econ\u00f3micas, Facundo Biffi, explic\u00f3 que para esto se utiliz\u00f3 una metodolog\u00eda mixta que incluy\u00f3 un relevamiento de campo, las estad\u00edsticas del Ministerio P\u00fablico Fiscal con cantidad de denuncias de inseguridad.<\/p>\n<p>En base a la localizaci\u00f3n geogr\u00e1fica, el \u00f3rgano t\u00e9cnico determin\u00f3 si el establecimiento se encuentra encuadrado en las definiciones t\u00e9cnico-estad\u00edsticas existentes como \u201curbanos\u201d, \u201curbano marginal\u201d o \u201crural\u201d o si est\u00e1 ubicada dentro del servicio penitenciario provincial o federal, es decir, \u201cen contexto de encierro\u201d.<\/p>\n<p>Se midieron las caracter\u00edsticas del contexto del establecimiento, asign\u00e1ndose en total un puntaje de cincuenta puntos equivalentes a 50%, de acuerdo al indicador de prestaci\u00f3n de servicios de transporte p\u00fablicos, distancia de servicio hospitalario, servicios p\u00fablicos, insalubridad y factores clim\u00e1ticos.<\/p>\n<p>A.C.<\/p>\n","protected":false},"excerpt":{"rendered":"<p>La Direcci\u00f3n General de Escuelas present\u00f3 el listado de la recategorizaci\u00f3n de las escuelas de la provincia que determina el nuevo &#8230;<\/p>\n","protected":false},"author":5,"featured_media":45313,"comment_status":"open","ping_status":"open","sticky":false,"template":"","format":"standard","meta":{"footnotes":""},"categories":[1],"tags":[],"class_list":["post-50257","post","type-post","status-publish","format-standard","has-post-thumbnail","hentry","category-fmvinas"],"_links":{"self":[{"href":"https:\/\/vinasfm.com\/noticias\/wp-json\/wp\/v2\/posts\/50257","targetHints":{"allow":["GET"]}}],"collection":[{"href":"https:\/\/vinasfm.com\/noticias\/wp-json\/wp\/v2\/posts"}],"about":[{"href":"https:\/\/vinasfm.com\/noticias\/wp-json\/wp\/v2\/types\/post"}],"author":[{"embeddable":true,"href":"https:\/\/vinasfm.com\/noticias\/wp-json\/wp\/v2\/users\/5"}],"replies":[{"embeddable":true,"href":"https:\/\/vinasfm.com\/noticias\/wp-json\/wp\/v2\/comments?post=50257"}],"version-history":[{"count":1,"href":"https:\/\/vinasfm.com\/noticias\/wp-json\/wp\/v2\/posts\/50257\/revisions"}],"predecessor-version":[{"id":50258,"href":"https:\/\/vinasfm.com\/noticias\/wp-json\/wp\/v2\/posts\/50257\/revisions\/50258"}],"wp:featuredmedia":[{"embeddable":true,"href":"https:\/\/vinasfm.com\/noticias\/wp-json\/wp\/v2\/media\/45313"}],"wp:attachment":[{"href":"https:\/\/vinasfm.com\/noticias\/wp-json\/wp\/v2\/media?parent=50257"}],"wp:term":[{"taxonomy":"category","embeddable":true,"href":"https:\/\/vinasfm.com\/noticias\/wp-json\/wp\/v2\/categories?post=50257"},{"taxonomy":"post_tag","embeddable":true,"href":"https:\/\/vinasfm.com\/noticias\/wp-json\/wp\/v2\/tags?post=50257"}],"curies":[{"name":"wp","href":"https:\/\/api.w.org\/{rel}","templated":true}]}}