{"id":50247,"date":"2019-03-28T10:30:50","date_gmt":"2019-03-28T13:30:50","guid":{"rendered":"http:\/\/vinasfm.com\/noticias\/?p=50247"},"modified":"2019-03-28T10:35:39","modified_gmt":"2019-03-28T13:35:39","slug":"segun-martinez-baron-se-habria-retomado-la-obra-d-ela-ruta-188-alvear-malargue","status":"publish","type":"post","link":"https:\/\/vinasfm.com\/noticias\/segun-martinez-baron-se-habria-retomado-la-obra-d-ela-ruta-188-alvear-malargue\/","title":{"rendered":"SEG\u00daN MART\u00cdNEZ BAR\u00d3N SE HABR\u00cdA RETOMADO LA OBRA DE LA RUTA 188 ALVEAR \u2013 MALARG\u00dcE"},"content":{"rendered":"<p><strong>Mediante una publicaci\u00f3n en la red social Facebook el edil por el PRO &#8211; Cambiemos y pre candidato a la intendencia, Sebast\u00edan Mart\u00ednez Bar\u00f3n sostuvo que <em>\u00ablos trabajos han comenzado nuevamente y se disponen las empresas a intensificarlos en los pr\u00f3ximos d\u00edas\u00bb.<\/em><\/strong><\/p>\n<p>Tambi\u00e9n agradece a Patricia Gutierrez, administradora de Direcci\u00f3n Nacional de Vialidad por \u00ab<em>atender los pedidos\u00bb.<\/em><\/p>\n<p>Desde el grupo de Los Historicos por la 188 Alvear &#8211; Malargue, no dejaron de expresar su malestar por las persistentes demoras que perjudican enormemente en lo econ\u00f3mico y social, porque con la llegada del invierno se complicar\u00eda el asfaltado del primer tramo de la misma.<\/p>\n<p><a href=\"http:\/\/vinasfm.com\/noticias\/wp-content\/uploads\/2019\/03\/WhatsApp-Image-2019-03-27-at-22.09.15.jpeg\"><img loading=\"lazy\" decoding=\"async\" class=\"alignnone size-medium wp-image-50250\" src=\"http:\/\/vinasfm.com\/noticias\/wp-content\/uploads\/2019\/03\/WhatsApp-Image-2019-03-27-at-22.09.15-169x300.jpeg\" alt=\"\" width=\"169\" height=\"300\" srcset=\"https:\/\/vinasfm.com\/noticias\/wp-content\/uploads\/2019\/03\/WhatsApp-Image-2019-03-27-at-22.09.15-169x300.jpeg 169w, https:\/\/vinasfm.com\/noticias\/wp-content\/uploads\/2019\/03\/WhatsApp-Image-2019-03-27-at-22.09.15-576x1024.jpeg 576w, https:\/\/vinasfm.com\/noticias\/wp-content\/uploads\/2019\/03\/WhatsApp-Image-2019-03-27-at-22.09.15.jpeg 720w\" sizes=\"auto, (max-width: 169px) 100vw, 169px\" \/><\/a><\/p>\n<p>A.C.<\/p>\n","protected":false},"excerpt":{"rendered":"<p>Mediante una publicaci\u00f3n en la red social Facebook el edil por el PRO &#8211; Cambiemos y pre candidato a la intendencia, &#8230;<\/p>\n","protected":false},"author":5,"featured_media":41737,"comment_status":"open","ping_status":"open","sticky":false,"template":"","format":"standard","meta":{"footnotes":""},"categories":[5,7],"tags":[],"class_list":["post-50247","post","type-post","status-publish","format-standard","has-post-thumbnail","hentry","category-actualidad","category-politica"],"_links":{"self":[{"href":"https:\/\/vinasfm.com\/noticias\/wp-json\/wp\/v2\/posts\/50247","targetHints":{"allow":["GET"]}}],"collection":[{"href":"https:\/\/vinasfm.com\/noticias\/wp-json\/wp\/v2\/posts"}],"about":[{"href":"https:\/\/vinasfm.com\/noticias\/wp-json\/wp\/v2\/types\/post"}],"author":[{"embeddable":true,"href":"https:\/\/vinasfm.com\/noticias\/wp-json\/wp\/v2\/users\/5"}],"replies":[{"embeddable":true,"href":"https:\/\/vinasfm.com\/noticias\/wp-json\/wp\/v2\/comments?post=50247"}],"version-history":[{"count":2,"href":"https:\/\/vinasfm.com\/noticias\/wp-json\/wp\/v2\/posts\/50247\/revisions"}],"predecessor-version":[{"id":50255,"href":"https:\/\/vinasfm.com\/noticias\/wp-json\/wp\/v2\/posts\/50247\/revisions\/50255"}],"wp:featuredmedia":[{"embeddable":true,"href":"https:\/\/vinasfm.com\/noticias\/wp-json\/wp\/v2\/media\/41737"}],"wp:attachment":[{"href":"https:\/\/vinasfm.com\/noticias\/wp-json\/wp\/v2\/media?parent=50247"}],"wp:term":[{"taxonomy":"category","embeddable":true,"href":"https:\/\/vinasfm.com\/noticias\/wp-json\/wp\/v2\/categories?post=50247"},{"taxonomy":"post_tag","embeddable":true,"href":"https:\/\/vinasfm.com\/noticias\/wp-json\/wp\/v2\/tags?post=50247"}],"curies":[{"name":"wp","href":"https:\/\/api.w.org\/{rel}","templated":true}]}}