{"id":49936,"date":"2019-03-22T08:00:08","date_gmt":"2019-03-22T11:00:08","guid":{"rendered":"http:\/\/vinasfm.com\/noticias\/?p=49936"},"modified":"2019-03-23T10:32:04","modified_gmt":"2019-03-23T13:32:04","slug":"alvear-forma-parte-de-la-delegacion-que-promociona-el-sur-provincial-en-chile","status":"publish","type":"post","link":"https:\/\/vinasfm.com\/noticias\/alvear-forma-parte-de-la-delegacion-que-promociona-el-sur-provincial-en-chile\/","title":{"rendered":"ALVEAR FORMA PARTE DE LA DELEGACI\u00d3N QUE PROMOCIONA EL SUR PROVINCIAL EN CHILE"},"content":{"rendered":"<h4><strong>Una delegaci\u00f3n compuesta por representantes de los tres departamentos del sur provincial est\u00e1 realizando una importante actividad de promoci\u00f3n tur\u00edstica en Talca-Curic\u00f3 (S\u00e9ptima Regi\u00f3n de Chile).<\/strong><\/h4>\n<p>\u201c<em>La posibilidad est\u00e1 en presentar paquetes tur\u00edsticos de los tres departamentos del sur de Mendoza para que las empresas de viajes las incluyan en sus itinerarios\u201d,<\/em> reflej\u00f3 <strong>Fabiana Gonzalez<\/strong>, <strong>Directora de Turismo de Gral. Alvear<\/strong>.<\/p>\n<p>En el vecino pa\u00eds trasandino se encuentran los <strong>Directores de Turismo de Alvear<\/strong>,<strong> San Rafael <\/strong>y <strong>Malarg\u00fce<\/strong>: <strong>Fabiana Gonzalez<\/strong>, <strong>Javier Mu\u00f1oz<\/strong> y <strong>D\u00e9bora Ferrero<\/strong>, respectivamente. Adem\u00e1s forma parte de la comitiva el <strong>C\u00f3nsul Honorario Florido Gonzalez<\/strong>, el <strong>Vicepresidente de Ente Turismo Mendoza Edgar Rodr\u00edguez<\/strong>, representantes de la espec\u00edfica de la <strong>C\u00e1mara de Comercio de General Alvear<\/strong> y la <strong>C\u00e1mara de Turismo de San Rafael<\/strong> con sus prestadores.<\/p>\n<p><em>\u201cEsto hab\u00eda quedado agendada en la integraci\u00f3n entre el sur provincial y la S\u00e9ptima Regi\u00f3n de Chile que incluye la <strong>Fiesta de la Vendimia de Curic\u00f3<\/strong> donde se esperan mas 250.000 personas para realizar all\u00ed la promoci\u00f3n. Esta es una oportunidad para difundir nuestra <strong>Fiesta Nacional de la Ganader\u00eda<\/strong> invitando a los operadores tur\u00edsticos chilenos y medios de prensa para instalar la inclusi\u00f3n de nuestros eventos y lugares en Chile y viceversa<\/em>\u201d, concluy\u00f3 <strong>Gonzalez<\/strong>.<\/p>\n<p>El <strong>Intendente de la S\u00e9ptima Regi\u00f3n Pablo Milad<\/strong> recibi\u00f3 a la delegaci\u00f3n en la ma\u00f1ana de este jueves y en la misma tarde comenzaron las actividades de trabajo conjunto con las C\u00e1maras de Turismo.<\/p>\n<p>Este s\u00e1bado 23 concluir\u00e1n las tareas de promoci\u00f3n y trabajo conjunto por lo cual se vaticina que el balance ser\u00e1 positivo para los tres departamentos.<\/p>\n<p><em><strong>V\u00e9ase tambi\u00e9n<\/strong>: <a href=\"http:\/\/vinasfm.com\/noticias\/wp-content\/uploads\/2019\/03\/GuiaTurismoAlvear-1.pdf\">GuiaTurismoAlvear-1<\/a><\/em><\/p>\n<h5><em>\u00b7Por F.B. (Redacci\u00f3n F.M. Vi\u00f1as).<\/em><\/h5>\n","protected":false},"excerpt":{"rendered":"<p>Una delegaci\u00f3n compuesta por representantes de los tres departamentos del sur provincial est\u00e1 realizando una importante actividad de promoci\u00f3n tur\u00edstica en &#8230;<\/p>\n","protected":false},"author":5,"featured_media":37527,"comment_status":"open","ping_status":"open","sticky":false,"template":"","format":"standard","meta":{"footnotes":""},"categories":[5,20],"tags":[],"class_list":["post-49936","post","type-post","status-publish","format-standard","has-post-thumbnail","hentry","category-actualidad","category-turismo"],"_links":{"self":[{"href":"https:\/\/vinasfm.com\/noticias\/wp-json\/wp\/v2\/posts\/49936","targetHints":{"allow":["GET"]}}],"collection":[{"href":"https:\/\/vinasfm.com\/noticias\/wp-json\/wp\/v2\/posts"}],"about":[{"href":"https:\/\/vinasfm.com\/noticias\/wp-json\/wp\/v2\/types\/post"}],"author":[{"embeddable":true,"href":"https:\/\/vinasfm.com\/noticias\/wp-json\/wp\/v2\/users\/5"}],"replies":[{"embeddable":true,"href":"https:\/\/vinasfm.com\/noticias\/wp-json\/wp\/v2\/comments?post=49936"}],"version-history":[{"count":1,"href":"https:\/\/vinasfm.com\/noticias\/wp-json\/wp\/v2\/posts\/49936\/revisions"}],"predecessor-version":[{"id":49977,"href":"https:\/\/vinasfm.com\/noticias\/wp-json\/wp\/v2\/posts\/49936\/revisions\/49977"}],"wp:featuredmedia":[{"embeddable":true,"href":"https:\/\/vinasfm.com\/noticias\/wp-json\/wp\/v2\/media\/37527"}],"wp:attachment":[{"href":"https:\/\/vinasfm.com\/noticias\/wp-json\/wp\/v2\/media?parent=49936"}],"wp:term":[{"taxonomy":"category","embeddable":true,"href":"https:\/\/vinasfm.com\/noticias\/wp-json\/wp\/v2\/categories?post=49936"},{"taxonomy":"post_tag","embeddable":true,"href":"https:\/\/vinasfm.com\/noticias\/wp-json\/wp\/v2\/tags?post=49936"}],"curies":[{"name":"wp","href":"https:\/\/api.w.org\/{rel}","templated":true}]}}