{"id":49895,"date":"2019-03-22T08:30:42","date_gmt":"2019-03-22T11:30:42","guid":{"rendered":"http:\/\/vinasfm.com\/noticias\/?p=49895"},"modified":"2019-03-22T09:32:03","modified_gmt":"2019-03-22T12:32:03","slug":"se-estan-ultimando-los-detalles-para-la-2-edicion-de-jugacoop-ciencia-divertida","status":"publish","type":"post","link":"https:\/\/vinasfm.com\/noticias\/se-estan-ultimando-los-detalles-para-la-2-edicion-de-jugacoop-ciencia-divertida\/","title":{"rendered":"SE EST\u00c1N ULTIMANDO LOS DETALLES PARA LA 2\u00b0 EDICI\u00d3N DE \u201cJUGACOOP CIENCIA DIVERTIDA\u201d"},"content":{"rendered":"<h4><strong>Llega nuevamente a General Alvear la 2 edici\u00f3n de\u00a0 \u201cJugacoop Ciencia Divertida\u201d, para que los alvearenses disfruten de toda la ciencia y la tecnolog\u00eda<\/strong>.<\/h4>\n<p>Del <strong>mi\u00e9rcoles 27 al 31 de marzo <\/strong>con variedad de propuestas educativas, se presentar\u00e1 esta muestra en <strong>UGACOOP<\/strong> (Silvio Triccerri y Ruta 188), con una <strong>entrada libre y gratuita<\/strong>, los <strong>mi\u00e9rcoles<\/strong>, <strong>jueves<\/strong> y <strong>viernes<\/strong> de <strong>8:30 a 12:30h<\/strong>\u00a0 y de <strong>14:00 a 18:30h<\/strong>, mientras que los <strong>s\u00e1bado y domingo<\/strong>\u00a0 de <strong>15:00 a 20h<\/strong>.<\/p>\n<p><strong><em>\u201cJugacoop Ciencia Divertida\u201d<\/em><\/strong> busca difundir y divulgar conocimientos cient\u00edficos a trav\u00e9s de actividades educativas, recreativas y l\u00fadicas con talleres y capacitaciones que estimulan las vocaciones cient\u00edficas y tecnol\u00f3gicas en todas las edades. La muestra es una iniciativa del <strong>Ministerio de Educaci\u00f3n, Cultura, Ciencia y Tecnolog\u00eda<\/strong> (<strong>MECCyT<\/strong>), a trav\u00e9s del <strong>Consejo Federal de Ciencia y Tecnolog\u00eda<\/strong>\u00a0 (<strong>COFECYT<\/strong>) junto con la <strong>Municipalidad de General Alvear<\/strong>.<\/p>\n<p><a href=\"http:\/\/vinasfm.com\/noticias\/wp-content\/uploads\/2019\/03\/IMG_20190321_105952.jpg\"><img loading=\"lazy\" decoding=\"async\" class=\" wp-image-49898\" src=\"http:\/\/vinasfm.com\/noticias\/wp-content\/uploads\/2019\/03\/IMG_20190321_105952-300x169.jpg\" alt=\"\" width=\"626\" height=\"353\" srcset=\"https:\/\/vinasfm.com\/noticias\/wp-content\/uploads\/2019\/03\/IMG_20190321_105952-300x169.jpg 300w, https:\/\/vinasfm.com\/noticias\/wp-content\/uploads\/2019\/03\/IMG_20190321_105952-768x432.jpg 768w, https:\/\/vinasfm.com\/noticias\/wp-content\/uploads\/2019\/03\/IMG_20190321_105952-1024x576.jpg 1024w, https:\/\/vinasfm.com\/noticias\/wp-content\/uploads\/2019\/03\/IMG_20190321_105952-1140x641.jpg 1140w\" sizes=\"auto, (max-width: 626px) 100vw, 626px\" \/><\/a><\/p>\n<p>Experimentos para observar, reacciones qu\u00edmicas, Dinosaurios, dise\u00f1o e innovaci\u00f3n para grandes y chicos, son parte de los contenidos que el p\u00fablico puede encontrar en la segunda edici\u00f3n de la muestra de ciencia y tecnolog\u00eda que se realiza en nuestro Departamento.<\/p>\n<p>Tambi\u00e9n encontraremos, Laboratorio de Paleontolog\u00eda, de Qu\u00edmica, un Programa que F\u00e1brica Dise\u00f1o e Innovaci\u00f3n, muestras itinerantes del COFECYT que recorren el territorio nacional, Visiones que cambiaron al mundo como la importancia del telescopio de Galileo Galilei.<\/p>\n<p><a href=\"http:\/\/vinasfm.com\/noticias\/wp-content\/uploads\/2019\/03\/IMG_20190321_105459.jpg\"><img loading=\"lazy\" decoding=\"async\" class=\" wp-image-49899\" src=\"http:\/\/vinasfm.com\/noticias\/wp-content\/uploads\/2019\/03\/IMG_20190321_105459-300x169.jpg\" alt=\"\" width=\"631\" height=\"355\" srcset=\"https:\/\/vinasfm.com\/noticias\/wp-content\/uploads\/2019\/03\/IMG_20190321_105459-300x169.jpg 300w, https:\/\/vinasfm.com\/noticias\/wp-content\/uploads\/2019\/03\/IMG_20190321_105459-768x432.jpg 768w, https:\/\/vinasfm.com\/noticias\/wp-content\/uploads\/2019\/03\/IMG_20190321_105459-1024x576.jpg 1024w, https:\/\/vinasfm.com\/noticias\/wp-content\/uploads\/2019\/03\/IMG_20190321_105459-1140x641.jpg 1140w\" sizes=\"auto, (max-width: 631px) 100vw, 631px\" \/><\/a><\/p>\n<p><strong>Norma Ruiz<\/strong>,<strong> Directora de Educaci\u00f3n<\/strong>, expres\u00f3: \u201c<em>la escuelas que est\u00e9n interesadas en visitar la muestra pueden anotarse a trav\u00e9s del mail\u00a0<a href=\"http:\/\/turismoalvearmendoza.gob.ar\/\">turismoalvearmendoza.gob.ar<\/a>, tambi\u00e9n se pondr\u00e1 a disposici\u00f3n el Bus tur\u00edstico para que lleguen todos a ver y puedan interactuar en esta puesta en escena. Es importante comunicar que todas las \u00e1reas municipales estamos trabajando, pero principalmente desde la Agencia de Ciencia y Tecnolog\u00eda, para que los ni\u00f1os m\u00e1s peque\u00f1os hagan ese abordaje sobre la ciencia y tecnolog\u00eda, esa ciencia en movimiento algo que para ellos es cotidiano, y en esto tenemos que agradecerle al Ministerio de Educaci\u00f3n, Cultura, Ciencia y Tecnolog\u00eda<\/em>\u201d.<\/p>\n<p><strong>Mariano Ram\u00edrez<\/strong> a cargo de la <strong>Agencia de Ciencia y Tecnolog\u00eda<\/strong> manifest\u00f3: \u201c<em>este a\u00f1o tenemos m\u00e1s ciencia, m\u00e1s diversi\u00f3n, y m\u00e1s tecnolog\u00eda para los ni\u00f1os, nos van a visitar stands con los 10 pensadores f\u00edsicos que nos dio la humanidad y \u00a0aprenderemos de ellos de una forma divertida, tambi\u00e9n vendr\u00e1n dinosaurios mucho m\u00e1s grandes que los del a\u00f1o pasado y podremos observar los insectos\u00a0 con los que se trabaja en el laboratorio de biotecnolog\u00eda de aqu\u00ed de UGACOOP<\/em>\u201d.<\/p>\n<h4>PRESENTACI\u00d3N MULTIMEDIA<\/h4>\n<div style=\"width: 1140px;\" class=\"wp-video\"><video class=\"wp-video-shortcode\" id=\"video-49895-1\" width=\"1140\" height=\"641\" preload=\"metadata\" controls=\"controls\"><source type=\"video\/mp4\" src=\"http:\/\/vinasfm.com\/noticias\/wp-content\/uploads\/2019\/03\/VID_20190321_105424.mp4?_=1\" \/><a href=\"http:\/\/vinasfm.com\/noticias\/wp-content\/uploads\/2019\/03\/VID_20190321_105424.mp4\">http:\/\/vinasfm.com\/noticias\/wp-content\/uploads\/2019\/03\/VID_20190321_105424.mp4<\/a><\/video><\/div>\n<h5><em>\u00b7Por F.B. (Redacci\u00f3n F.M. Vi\u00f1as).<\/em><\/h5>\n","protected":false},"excerpt":{"rendered":"<p>Llega nuevamente a General Alvear la 2 edici\u00f3n de\u00a0 \u201cJugacoop Ciencia Divertida\u201d, para que los alvearenses disfruten de toda la ciencia &#8230;<\/p>\n","protected":false},"author":5,"featured_media":49897,"comment_status":"open","ping_status":"open","sticky":false,"template":"","format":"standard","meta":{"footnotes":""},"categories":[5,10],"tags":[],"class_list":["post-49895","post","type-post","status-publish","format-standard","has-post-thumbnail","hentry","category-actualidad","category-destacadas"],"_links":{"self":[{"href":"https:\/\/vinasfm.com\/noticias\/wp-json\/wp\/v2\/posts\/49895","targetHints":{"allow":["GET"]}}],"collection":[{"href":"https:\/\/vinasfm.com\/noticias\/wp-json\/wp\/v2\/posts"}],"about":[{"href":"https:\/\/vinasfm.com\/noticias\/wp-json\/wp\/v2\/types\/post"}],"author":[{"embeddable":true,"href":"https:\/\/vinasfm.com\/noticias\/wp-json\/wp\/v2\/users\/5"}],"replies":[{"embeddable":true,"href":"https:\/\/vinasfm.com\/noticias\/wp-json\/wp\/v2\/comments?post=49895"}],"version-history":[{"count":2,"href":"https:\/\/vinasfm.com\/noticias\/wp-json\/wp\/v2\/posts\/49895\/revisions"}],"predecessor-version":[{"id":49941,"href":"https:\/\/vinasfm.com\/noticias\/wp-json\/wp\/v2\/posts\/49895\/revisions\/49941"}],"wp:featuredmedia":[{"embeddable":true,"href":"https:\/\/vinasfm.com\/noticias\/wp-json\/wp\/v2\/media\/49897"}],"wp:attachment":[{"href":"https:\/\/vinasfm.com\/noticias\/wp-json\/wp\/v2\/media?parent=49895"}],"wp:term":[{"taxonomy":"category","embeddable":true,"href":"https:\/\/vinasfm.com\/noticias\/wp-json\/wp\/v2\/categories?post=49895"},{"taxonomy":"post_tag","embeddable":true,"href":"https:\/\/vinasfm.com\/noticias\/wp-json\/wp\/v2\/tags?post=49895"}],"curies":[{"name":"wp","href":"https:\/\/api.w.org\/{rel}","templated":true}]}}