{"id":49849,"date":"2019-03-21T10:10:55","date_gmt":"2019-03-21T13:10:55","guid":{"rendered":"http:\/\/vinasfm.com\/noticias\/?p=49849"},"modified":"2019-03-22T10:08:34","modified_gmt":"2019-03-22T13:08:34","slug":"se-realizara-una-importante-jornada-de-concientizacion-de-cancer-de-piel","status":"publish","type":"post","link":"https:\/\/vinasfm.com\/noticias\/se-realizara-una-importante-jornada-de-concientizacion-de-cancer-de-piel\/","title":{"rendered":"SE REALIZAR\u00c1 UNA IMPORTANTE JORNADA DE CONCIENTIZACI\u00d3N DE C\u00c1NCER DE PIEL"},"content":{"rendered":"<h4><strong>En la ma\u00f1ana de este jueves<\/strong> <strong>el Concejo llevar\u00e1 adelante en la primera Sesi\u00f3n Ordinaria del Per\u00edodo legislativo 2019 incluyendo el tratamiento sobre una importante Jornada de concientizaci\u00f3n del c\u00e1ncer de piel que tendr\u00e1 lugar en el Polideportivo el pr\u00f3ximo 6 de abril. <\/strong><\/h4>\n<p><strong>Nancy Vinnitchenko<\/strong>, concejal por el <strong>Frente Cambiemos<\/strong>, explic\u00f3 que \u201c<em>esta ma\u00f1ana trataremos sobre una actividad que se desarrollar\u00e1 el pr\u00f3ximo s\u00e1bado 6 de abril en el Polideportivo con una Jornada de concientizaci\u00f3n del c\u00e1ncer de piel\u201d. <\/em>\u00a0Se har\u00e1n presente en esta jornada <strong>dermat\u00f3logos<\/strong> de la <strong>Ciudad de Mendoza<\/strong>, <strong>UNCuyo<\/strong>, <strong>Universidad de Mendoza<\/strong> y desde la <strong>Asociaci\u00f3n Argentina de Dermatolog\u00eda<\/strong>.<\/p>\n<p>El principal <strong>objetivo<\/strong> de la Jornada <strong>se basar\u00e1 en la capacitaci\u00f3n que brindar\u00e1n a enfermeros alvearenses, estudiantes de enfermer\u00eda, m\u00e9dico y profesionales de la salud<\/strong>. Luego, <strong>los dermat\u00f3logos recibir\u00e1n al p\u00fablico en general<\/strong> para sortear dudas sobre diferentes anomal\u00edas que se puedan dar en aquellas personas que est\u00e1n expuestas a los rayos del sol.<\/p>\n<p><strong>Vinnitchenko<\/strong> explic\u00f3 que los dermat\u00f3logos \u201c<em>Dar\u00e1n algunos tips para el cuidado necesario con respecto a la exposici\u00f3n al sol. Haremos mucho hincapi\u00e9 en los trabajadores de la finca, trabajadores de la construcci\u00f3n y profesionales que realizan sus labores bajo el sol<\/em>\u201d<\/p>\n<p>\u201c<strong><em>Se habilitar\u00e1n consultorios en cada uno de los salones que tiene el Polideportivo<\/em><\/strong><em>. A las 11:00h llegar\u00e1n los profesionales, <strong>dar\u00e1n la capacitaci\u00f3n <\/strong>y luego <strong>recibir\u00e1n a la gente hasta las 16 o 17 horas<\/strong>. Acordamos con los delegados distritales para transportar a los vecinos que deseen acercarse y consultar sobre diferentes dudas en cuanto a esto<\/em>\u201d, concluy\u00f3 sobre la organizaci\u00f3n y cronograma.<\/p>\n<p><strong>Lalcec<\/strong>, <strong>Osep<\/strong>, <strong>Osde<\/strong>, <strong>Fundavita<\/strong>, <strong>Farmacias<\/strong>, <strong>Asesor\u00eda de la Mujer<\/strong> y personal del <strong>hospital \u201cEnfermeros Argentinos\u201d <\/strong>estar\u00e1n presentes con stand dentro del polideportivo apoyando y recibiendo consultas sobre la tem\u00e1tica de la Jornada.<\/p>\n<p>El <strong>Honorable Concejo Deliberante<\/strong> participa apoyando y organizando junto a otras entidades dicho evento, porque considera que es un deber, que instituciones de gobierno realicen las acciones \u00fatiles y necesarias, a trav\u00e9s de la funci\u00f3n que hoy cumplen, para brindar herramientas que permitan la jerarquizaci\u00f3n y la impronta que debe tener la socializaci\u00f3n y concientizaci\u00f3n de este tema tan importante para el cuidado y la prevenci\u00f3n de enfermedades que afectan a nuestra comunidad.<\/p>\n<p>En este sentido, desde el <strong>Bloque UCR<\/strong> se present\u00f3 la propuesta en la primera sesi\u00f3n ordinaria del per\u00edodo 2019, para\u00a0<strong><em>\u201cdeclarar de inter\u00e9s sanitario, social y cultural a la 3\u00b0 campa\u00f1a de concientizaci\u00f3n de prevenci\u00f3n de c\u00e1ncer de piel del 2019<\/em>\u201d,<\/strong>\u00a0a llevarse el d\u00eda 6 de abril en las instalaciones del Polideportivo \u201cDeportistas Alvearenses\u201d.<\/p>\n<h4><strong>\u00bfQU\u00c9 ES EL C\u00c1NCER DE PIEL?<\/strong><\/h4>\n<p>El <strong>c\u00e1ncer de piel<\/strong>, que es el crecimiento anormal de c\u00e9lulas cut\u00e1neas, se suele manifestar con mayor frecuencia en la piel expuesta al sol. Sin embargo, este tipo de c\u00e1ncer frecuente tambi\u00e9n puede aparecer en zonas de la piel que no suelen estar expuestas a la luz solar.<\/p>\n<p>Existen tres tipos principales de c\u00e1ncer de piel: <strong>carcinoma de c\u00e9lulas basales, carcinoma espinocelular<\/strong> y <strong>melanoma<\/strong>.<\/p>\n<p>Se puede reducir el riesgo de padecer c\u00e1ncer de piel al limitar o evitar la exposici\u00f3n a la radiaci\u00f3n ultravioleta (UV). Revisar la piel en busca de cambios sospechosos puede ayudar a detectar el c\u00e1ncer de piel en las etapas m\u00e1s tempranas. La detecci\u00f3n temprana del c\u00e1ncer de piel te brinda una mayor probabilidad de que el tratamiento oncol\u00f3gico sea exitoso.<\/p>\n<h4><b><i>Algunos factores de riesgo<\/i><\/b><i>:<\/i><\/h4>\n<p>\u2022 Piel clara y ojos claros.<\/p>\n<p>\u2022 Exposici\u00f3n cr\u00f3nica a rayos ultravioletas naturales o artificiales (camas solares).<\/p>\n<p>\u2022 Antecedente de quemaduras de sol.<\/p>\n<p>\u2022 Localizaci\u00f3n geogr\u00e1fica con mayor intensidad de rayos ultravioletas.<\/p>\n<p>\u2022 Disminuci\u00f3n de la capa de ozono.<\/p>\n<p>\u2022 Inmunodepresi\u00f3n.<\/p>\n<p>\u2022 Genodermatosis (enfermedades hereditarias que predisponen al c\u00e1ncer de piel)<\/p>\n<p>\u2022 Exposici\u00f3n al ars\u00e9nico (ingesta de agua con niveles elevados de ars\u00e9nico).<\/p>\n<p>\u2022 Exposici\u00f3n a radiaciones.<\/p>\n<p>\u00b7 Ulceras cr\u00f3nicas y cicatrices viejas.<\/p>\n<h4><b><i>Los signos cl\u00ednicos que deben llamar la atenci\u00f3n<\/i><\/b><i>:<\/i><\/h4>\n<p>\u2022\u00a0 Lastimadura o ulcera que sangra y no cicatriza.<\/p>\n<p>\u2022\u00a0 Mancha rosada o \u00e1rea irritada que no desaparece.<\/p>\n<p>\u2022\u00a0 Bulto rosado de borde elevado que crece lentamente.<\/p>\n<p>\u2022\u00a0 Protuberancia o crecimiento de piel brillante.<\/p>\n<p>\u2022\u00a0 Cicatriz blanca donde no hubo lesi\u00f3n anterior.<\/p>\n<h5><em>\u00b7Por F.B. (Redacci\u00f3n F.M. Vi\u00f1as).<\/em><\/h5>\n","protected":false},"excerpt":{"rendered":"<p>En la ma\u00f1ana de este jueves el Concejo llevar\u00e1 adelante en la primera Sesi\u00f3n Ordinaria del Per\u00edodo legislativo 2019 incluyendo el &#8230;<\/p>\n","protected":false},"author":5,"featured_media":49872,"comment_status":"open","ping_status":"open","sticky":false,"template":"","format":"standard","meta":{"footnotes":""},"categories":[5,15],"tags":[],"class_list":["post-49849","post","type-post","status-publish","format-standard","has-post-thumbnail","hentry","category-actualidad","category-salud"],"_links":{"self":[{"href":"https:\/\/vinasfm.com\/noticias\/wp-json\/wp\/v2\/posts\/49849","targetHints":{"allow":["GET"]}}],"collection":[{"href":"https:\/\/vinasfm.com\/noticias\/wp-json\/wp\/v2\/posts"}],"about":[{"href":"https:\/\/vinasfm.com\/noticias\/wp-json\/wp\/v2\/types\/post"}],"author":[{"embeddable":true,"href":"https:\/\/vinasfm.com\/noticias\/wp-json\/wp\/v2\/users\/5"}],"replies":[{"embeddable":true,"href":"https:\/\/vinasfm.com\/noticias\/wp-json\/wp\/v2\/comments?post=49849"}],"version-history":[{"count":2,"href":"https:\/\/vinasfm.com\/noticias\/wp-json\/wp\/v2\/posts\/49849\/revisions"}],"predecessor-version":[{"id":49942,"href":"https:\/\/vinasfm.com\/noticias\/wp-json\/wp\/v2\/posts\/49849\/revisions\/49942"}],"wp:featuredmedia":[{"embeddable":true,"href":"https:\/\/vinasfm.com\/noticias\/wp-json\/wp\/v2\/media\/49872"}],"wp:attachment":[{"href":"https:\/\/vinasfm.com\/noticias\/wp-json\/wp\/v2\/media?parent=49849"}],"wp:term":[{"taxonomy":"category","embeddable":true,"href":"https:\/\/vinasfm.com\/noticias\/wp-json\/wp\/v2\/categories?post=49849"},{"taxonomy":"post_tag","embeddable":true,"href":"https:\/\/vinasfm.com\/noticias\/wp-json\/wp\/v2\/tags?post=49849"}],"curies":[{"name":"wp","href":"https:\/\/api.w.org\/{rel}","templated":true}]}}