{"id":49806,"date":"2019-03-20T12:34:21","date_gmt":"2019-03-20T15:34:21","guid":{"rendered":"http:\/\/vinasfm.com\/noticias\/?p=49806"},"modified":"2019-03-20T12:36:13","modified_gmt":"2019-03-20T15:36:13","slug":"alvear-marchara-a-favor-de-las-2-vidas","status":"publish","type":"post","link":"https:\/\/vinasfm.com\/noticias\/alvear-marchara-a-favor-de-las-2-vidas\/","title":{"rendered":"ALVEAR MARCHAR\u00c1 A FAVOR DE LAS 2 VIDAS"},"content":{"rendered":"<h4><strong>\u201cFamilias Unidas por Alvear\u201d convoca para este s\u00e1bado 23 a las 17:30h a toda la comunidad adherente a la postura Pro Vida a participar de una marcha a favor del principal estandarte que profesan: \u2018\u00a1S\u00ed a la vida!\u2019.<\/strong><\/h4>\n<p>En medio del clivaje social, y por consecuencia pol\u00edtico, que se gener\u00f3 el pasado a\u00f1o por el proyecto de ley presentado, y no sancionado, en el<strong> Congreso de la Naci\u00f3n<\/strong> buscando la legalizaci\u00f3n del aborto seguro y gratuito, en <strong>General Alvear<\/strong> se marchar\u00e1 nuevamente a <strong><em>\u201cFavor de la vida\u201d<\/em><\/strong>.<\/p>\n<p>La cita es a las <strong>17:30 h<\/strong> de este pr\u00f3ximo <strong>s\u00e1bado 23<\/strong> de marzo en <strong>Vida y Familia<\/strong>, ubicado en <strong>Granaderos y Avenida Libertador Sur<\/strong>, desde donde se movilizar\u00e1n hasta la<strong> plaza departamental<\/strong>.<\/p>\n<p>El motivo esencial de la marcha es \u201c<em>festejar y conmemorar el rechazo del Congreso Nacional en 2018 para con el proyecto de <\/em><em>Ley de Interrupci\u00f3n Voluntaria del Embarazo\u201d<\/em>, seg\u00fan indic\u00f3 <strong>Daniel Azcoetti<\/strong>.<\/p>\n<p><strong>Mariano P\u00e9rez<\/strong>, <strong>referente de los grupos Pro Vida<\/strong>, coment\u00f3 a <strong>F.M. Vi\u00f1as<\/strong>: \u201c<em>Queremos alertar a la poblaci\u00f3n porque las pretensiones de aprobar el aborto en Argentina siguen. Se ha presentado en el Congreso nuevamente un proyecto de ley con este fin\u201d.<\/em><\/p>\n<p><em>\u201cSeguimos manifest\u00e1ndonos para luchar por la vida desde la concepci\u00f3n y la familia. Tambi\u00e9n estamos en contra de la Reforma del C\u00f3digo Penal para que el aborto deje la ilegalidad y sumamos nuestra postura en contra del ataque de la Educaci\u00f3n Sexual Integral e ideolog\u00eda de g\u00e9nero que se quiere implantar desde las escuelas\u201d, <\/em>\u00a0se\u00f1al\u00f3<strong> P\u00e9rez<\/strong> en contrapunto a los profesantes <strong>Pro Aborto.<\/strong><\/p>\n<p><em>\u201c<strong>Advertimos a los pol\u00edticos que con aborto no hay votos<\/strong>\u201d, <\/em>sentenci\u00f3 en la culminaci\u00f3n de su intervenci\u00f3n teniendo en cuenta que este 2019 est\u00e1 marcado por el proceso electoral.<\/p>\n<h4>2018: ALVEAR LE DIJO \u00abNO AL ABORTO\u00bb<\/h4>\n<p>Cabe destacar que en medio del debate que se dio en el Congreso de la Naci\u00f3n y mediante sesi\u00f3n especial, realizada el <strong>13 de junio de 2018<\/strong> en el Honorable Concejo Deliberante, <strong>los ediles alvearenses aprobaron por 9 votos el proyecto de resoluci\u00f3n N\u00b04622<\/strong> <strong>que declar\u00f3 al Departamento de General Alvear <\/strong><strong>antit\u00e9tico <\/strong><strong>al aborto<\/strong>.<\/p>\n<p>En el mismo tambi\u00e9n manifestaron la <strong>\u00abROTUNDA OPOSICI\u00d3N\u00bb<\/strong> respecto del proyecto de ley <strong>\u00abInterrupci\u00f3n Voluntaria del Embarazo\u00bb<\/strong>, que se encontraba en debate en el Congreso de la Naci\u00f3n; y del proyecto de ley <strong>\u00abProtocolo de Aborto No Punible\u00bb<\/strong>, cuyo tratamiento se encontraba en la <strong>Legislatura de la Provincia de Mendoza<\/strong>; como as\u00ed tambi\u00e9n, <em>de cualquier otra iniciativa que se presente y contrar\u00ede los principios vertidos en esta resoluci\u00f3n<\/em>, seg\u00fan dicen la resoluci\u00f3n.<\/p>\n<h5>\u00b7<em>Por F.B. (Redacci\u00f3n F.M. Vi\u00f1as). <\/em><\/h5>\n","protected":false},"excerpt":{"rendered":"<p>\u201cFamilias Unidas por Alvear\u201d convoca para este s\u00e1bado 23 a las 17:30h a toda la comunidad adherente a la postura Pro &#8230;<\/p>\n","protected":false},"author":5,"featured_media":38764,"comment_status":"open","ping_status":"open","sticky":false,"template":"","format":"standard","meta":{"footnotes":""},"categories":[5,10,11],"tags":[],"class_list":["post-49806","post","type-post","status-publish","format-standard","has-post-thumbnail","hentry","category-actualidad","category-destacadas","category-sociales"],"_links":{"self":[{"href":"https:\/\/vinasfm.com\/noticias\/wp-json\/wp\/v2\/posts\/49806","targetHints":{"allow":["GET"]}}],"collection":[{"href":"https:\/\/vinasfm.com\/noticias\/wp-json\/wp\/v2\/posts"}],"about":[{"href":"https:\/\/vinasfm.com\/noticias\/wp-json\/wp\/v2\/types\/post"}],"author":[{"embeddable":true,"href":"https:\/\/vinasfm.com\/noticias\/wp-json\/wp\/v2\/users\/5"}],"replies":[{"embeddable":true,"href":"https:\/\/vinasfm.com\/noticias\/wp-json\/wp\/v2\/comments?post=49806"}],"version-history":[{"count":2,"href":"https:\/\/vinasfm.com\/noticias\/wp-json\/wp\/v2\/posts\/49806\/revisions"}],"predecessor-version":[{"id":49820,"href":"https:\/\/vinasfm.com\/noticias\/wp-json\/wp\/v2\/posts\/49806\/revisions\/49820"}],"wp:featuredmedia":[{"embeddable":true,"href":"https:\/\/vinasfm.com\/noticias\/wp-json\/wp\/v2\/media\/38764"}],"wp:attachment":[{"href":"https:\/\/vinasfm.com\/noticias\/wp-json\/wp\/v2\/media?parent=49806"}],"wp:term":[{"taxonomy":"category","embeddable":true,"href":"https:\/\/vinasfm.com\/noticias\/wp-json\/wp\/v2\/categories?post=49806"},{"taxonomy":"post_tag","embeddable":true,"href":"https:\/\/vinasfm.com\/noticias\/wp-json\/wp\/v2\/tags?post=49806"}],"curies":[{"name":"wp","href":"https:\/\/api.w.org\/{rel}","templated":true}]}}