{"id":49772,"date":"2019-03-20T10:27:42","date_gmt":"2019-03-20T13:27:42","guid":{"rendered":"http:\/\/vinasfm.com\/noticias\/?p=49772"},"modified":"2019-03-21T10:31:07","modified_gmt":"2019-03-21T13:31:07","slug":"las-heladas-tempranas-vuelven-a-preocupar-al-agro","status":"publish","type":"post","link":"https:\/\/vinasfm.com\/noticias\/las-heladas-tempranas-vuelven-a-preocupar-al-agro\/","title":{"rendered":"LAS HELADAS TEMPRANAS VUELVEN A PREOCUPAR AL AGRO"},"content":{"rendered":"<p>En la madrugada de este lunes se registraron temperaturas por debajo de 0\u00b0C en distintos puntos rurales del departamento.<\/p>\n<p>Un agricultor de La Escandinava comento a F.M. Vi\u00f1as que \u201ctuvo que prender para defender el tomate\u201d, al registrar -1\u00b0C.<\/p>\n<p>Si bien, la contingencia fue leve y de corta duraci\u00f3n, las verduras y cultivos m\u00e1s cercanos al suelo son los m\u00e1s afectados. Luego del granizo de mediados de noviembre muchos productores optaron por plantar hortalizas.<\/p>\n<p>Desde la Direcci\u00f3n de Agricultura y Contingencias Clim\u00e1ticas no se emiti\u00f3 ning\u00fan tipo de alerta ya que \u201cel pron\u00f3stico indicaba temperaturas cercanas al 0\u201d.<\/p>\n<p>Las diferencia de suelo, distancias y altitudes de nuestro departamento hacen que las temperaturas var\u00eden considerablemente de un sector a otro.<\/p>\n<p>El a\u00f1o pasado, concluyendo el mes de marzo se registraron inclemencias similares, aunque con mayor intensidad.<\/p>\n<p>A.C.<\/p>\n","protected":false},"excerpt":{"rendered":"<p>En la madrugada de este lunes se registraron temperaturas por debajo de 0\u00b0C en distintos puntos rurales del departamento. Un agricultor &#8230;<\/p>\n","protected":false},"author":5,"featured_media":1865,"comment_status":"open","ping_status":"open","sticky":false,"template":"","format":"standard","meta":{"footnotes":""},"categories":[5,14],"tags":[],"class_list":["post-49772","post","type-post","status-publish","format-standard","has-post-thumbnail","hentry","category-actualidad","category-agro"],"_links":{"self":[{"href":"https:\/\/vinasfm.com\/noticias\/wp-json\/wp\/v2\/posts\/49772","targetHints":{"allow":["GET"]}}],"collection":[{"href":"https:\/\/vinasfm.com\/noticias\/wp-json\/wp\/v2\/posts"}],"about":[{"href":"https:\/\/vinasfm.com\/noticias\/wp-json\/wp\/v2\/types\/post"}],"author":[{"embeddable":true,"href":"https:\/\/vinasfm.com\/noticias\/wp-json\/wp\/v2\/users\/5"}],"replies":[{"embeddable":true,"href":"https:\/\/vinasfm.com\/noticias\/wp-json\/wp\/v2\/comments?post=49772"}],"version-history":[{"count":1,"href":"https:\/\/vinasfm.com\/noticias\/wp-json\/wp\/v2\/posts\/49772\/revisions"}],"predecessor-version":[{"id":49791,"href":"https:\/\/vinasfm.com\/noticias\/wp-json\/wp\/v2\/posts\/49772\/revisions\/49791"}],"wp:featuredmedia":[{"embeddable":true,"href":"https:\/\/vinasfm.com\/noticias\/wp-json\/wp\/v2\/media\/1865"}],"wp:attachment":[{"href":"https:\/\/vinasfm.com\/noticias\/wp-json\/wp\/v2\/media?parent=49772"}],"wp:term":[{"taxonomy":"category","embeddable":true,"href":"https:\/\/vinasfm.com\/noticias\/wp-json\/wp\/v2\/categories?post=49772"},{"taxonomy":"post_tag","embeddable":true,"href":"https:\/\/vinasfm.com\/noticias\/wp-json\/wp\/v2\/tags?post=49772"}],"curies":[{"name":"wp","href":"https:\/\/api.w.org\/{rel}","templated":true}]}}