{"id":49606,"date":"2019-03-18T08:19:01","date_gmt":"2019-03-18T11:19:01","guid":{"rendered":"http:\/\/vinasfm.com\/noticias\/?p=49606"},"modified":"2019-03-18T08:56:42","modified_gmt":"2019-03-18T11:56:42","slug":"el-ministerio-de-salud-convoca-a-residentes-a-cubrir-342-plazas-en-mendoza","status":"publish","type":"post","link":"https:\/\/vinasfm.com\/noticias\/el-ministerio-de-salud-convoca-a-residentes-a-cubrir-342-plazas-en-mendoza\/","title":{"rendered":"EL MINISTERIO DE SALUD CONVOCA A RESIDENTES A CUBRIR 342 PLAZAS EN MENDOZA"},"content":{"rendered":"<h4>Este a\u00f1o la evaluaci\u00f3n cuenta con la novedad de que se adhiere al Examen \u00danico Nacional, que posibilita concursar por una plaza en todo el pa\u00eds.<\/h4>\n<p>El <strong>Departamento de Residencias<\/strong>, dependiente de la <strong>Subsecretar\u00eda de Salud<\/strong>, <strong>comienza el proceso de ex\u00e1menes<\/strong>. <strong>La evaluaci\u00f3n de las residencias m\u00e9dicas y no m\u00e9dicas de primer nivel ser\u00e1 el 24 de abril<\/strong>, mientras que <strong>las de segundo nivel y las no m\u00e9dicas ser\u00e1n el 30 de abril<\/strong>, ambas instancias en la <strong>Facultad de Ciencias Pol\u00edticas y Sociales de la Universidad Nacional de Cuyo<\/strong>.<\/p>\n<p>El <strong>subsecretario de Salud<\/strong>, <strong>Oscar Sag\u00e1s<\/strong>, se\u00f1al\u00f3 al respecto: \u201c<em>Este va a ser el primer a\u00f1o que ingresamos en el examen \u00fanico a nivel nacional. Esto se da en virtud de la de la modificaci\u00f3n de la ley nacional, que se dio con el apoyo de ambas c\u00e1maras en la Legislatura\u201d.<\/em><\/p>\n<p>Asimismo, <strong>Sag\u00e1s<\/strong> indic\u00f3: \u201c<em>Nosotros participamos en la elaboraci\u00f3n del examen. Adem\u00e1s, el Gobierno sigue teniendo la potestad del concurso, esto quiere decir que la Provincia sigue manejando el promedio, el orden de m\u00e9rito y si hubiera alguna otra herramienta para colocar, como puede ser la entrevista personal. Este a\u00f1o nos vamos a manejar por el promedio y el orden de m\u00e9rito<\/em>\u201d.<\/p>\n<p>\u201c<em>Apuntamos a fortalecer las especialidades cr\u00edticas, que son la pediatr\u00eda cl\u00ednica, la cl\u00ednica m\u00e9dica, los m\u00e9dicos de familia, emergentolog\u00eda y anestesia. Estas son ponderadas de forma distinta en el llamado desde el a\u00f1o pasado, ya que nos ha tra\u00eddo beneficios porque podemos incorporar m\u00e1s profesionales. No obstante, con un estudio y una planificaci\u00f3n se ve cu\u00e1ntos subespecialistas hay en la provincia y en base a eso vamos regulando ese n\u00famero, cu\u00e1ntos faltan, para cubrir todas las especialidades<\/em>\u201d, agreg\u00f3 el subsecretario.<\/p>\n<p>El <strong>24 de abril ser\u00e1 la instancia de evaluaci\u00f3n exclusivamente para residencias m\u00e9dicas de Primer Nivel<\/strong>, <strong>Enfermer\u00eda en todas sus modalidades <\/strong>(pedi\u00e1trica, salud mental, comunitaria y control de infecciones) y <strong>Bioqu\u00edmica<\/strong>.<\/p>\n<p>En tanto, las de segundo nivel y las no m\u00e9dicas, como Farmacia, Fonoaudiolog\u00eda y Psicolog\u00eda, tendr\u00e1n su examen el 30 de abril. En ambos casos se rendir\u00e1 en la Facultad de Ciencias Pol\u00edticas y Sociales de la UNCuyo.<\/p>\n<p><strong>Examen \u00fanico<\/strong><\/p>\n<p>Es una herramienta con que Mendoza adhiere a la evaluaci\u00f3n a nivel nacional y abre el juego a todos los profesionales del pa\u00eds. Seg\u00fan esta modalidad, todas las personas que se anoten a rendir para una plaza, si no ingresaran y contaran en otra provincia con un lugar disponible, podr\u00edan viajar, ocupar la plaza y quedarse en esa provincia, o viceversa.<\/p>\n<p>Esta modalidad se llama readjudicaci\u00f3n, por lo general hay dos de este tipo a nivel nacional y esta herramienta es muy efectiva porque permite cubrir todas las plazas del pa\u00eds.<\/p>\n<p>\u22c5<em>Por F.B. (Redacci\u00f3n F.M. Vi\u00f1as)<\/em><\/p>\n","protected":false},"excerpt":{"rendered":"<p>Este a\u00f1o la evaluaci\u00f3n cuenta con la novedad de que se adhiere al Examen \u00danico Nacional, que posibilita concursar por una &#8230;<\/p>\n","protected":false},"author":5,"featured_media":49607,"comment_status":"open","ping_status":"open","sticky":false,"template":"","format":"standard","meta":{"footnotes":""},"categories":[5,15],"tags":[],"class_list":["post-49606","post","type-post","status-publish","format-standard","has-post-thumbnail","hentry","category-actualidad","category-salud"],"_links":{"self":[{"href":"https:\/\/vinasfm.com\/noticias\/wp-json\/wp\/v2\/posts\/49606","targetHints":{"allow":["GET"]}}],"collection":[{"href":"https:\/\/vinasfm.com\/noticias\/wp-json\/wp\/v2\/posts"}],"about":[{"href":"https:\/\/vinasfm.com\/noticias\/wp-json\/wp\/v2\/types\/post"}],"author":[{"embeddable":true,"href":"https:\/\/vinasfm.com\/noticias\/wp-json\/wp\/v2\/users\/5"}],"replies":[{"embeddable":true,"href":"https:\/\/vinasfm.com\/noticias\/wp-json\/wp\/v2\/comments?post=49606"}],"version-history":[{"count":2,"href":"https:\/\/vinasfm.com\/noticias\/wp-json\/wp\/v2\/posts\/49606\/revisions"}],"predecessor-version":[{"id":49627,"href":"https:\/\/vinasfm.com\/noticias\/wp-json\/wp\/v2\/posts\/49606\/revisions\/49627"}],"wp:featuredmedia":[{"embeddable":true,"href":"https:\/\/vinasfm.com\/noticias\/wp-json\/wp\/v2\/media\/49607"}],"wp:attachment":[{"href":"https:\/\/vinasfm.com\/noticias\/wp-json\/wp\/v2\/media?parent=49606"}],"wp:term":[{"taxonomy":"category","embeddable":true,"href":"https:\/\/vinasfm.com\/noticias\/wp-json\/wp\/v2\/categories?post=49606"},{"taxonomy":"post_tag","embeddable":true,"href":"https:\/\/vinasfm.com\/noticias\/wp-json\/wp\/v2\/tags?post=49606"}],"curies":[{"name":"wp","href":"https:\/\/api.w.org\/{rel}","templated":true}]}}