{"id":49445,"date":"2019-03-14T12:49:09","date_gmt":"2019-03-14T15:49:09","guid":{"rendered":"http:\/\/vinasfm.com\/noticias\/?p=49445"},"modified":"2019-03-14T12:50:13","modified_gmt":"2019-03-14T15:50:13","slug":"importante-campana-contra-el-glaucoma-en-alvear","status":"publish","type":"post","link":"https:\/\/vinasfm.com\/noticias\/importante-campana-contra-el-glaucoma-en-alvear\/","title":{"rendered":"IMPORTANTE CAMPA\u00d1A CONTRA EL GLAUCOMA EN ALVEAR"},"content":{"rendered":"<h4><strong>A partir de las 8:00 y hasta las 13:00h de este viernes, el Hospital \u00abEnfermeros Argentinos\u00bb brindar\u00e1 de manera libre y gratuita chequeos oftalmol\u00f3gicos en el marco de la Campa\u00f1a Nacional que lleva a cabo el Consejo Argentino de Oftalmolog\u00eda.<\/strong><\/h4>\n<p>En colaboraci\u00f3n con los oftalm\u00f3logos del hospital, <strong>los doctores Carrizo<\/strong>, <strong>Bauza<\/strong> y <strong>Fuentes<\/strong> van a estar recepcionando en el <strong>Consultorio 4 a<\/strong> toda aquella persona que desee <strong>controlar su presi\u00f3n \u00f3ptica<\/strong> y <strong>realizar la examinaci\u00f3n del nervio \u00f3ptico<\/strong>.<\/p>\n<p>El <strong>Dr. Bauza<\/strong> en di\u00e1logo con F.M. Vi\u00f1as explic\u00f3: \u201c<em>Desde el <strong>Consejo Argentino de Oftalmolog\u00eda<\/strong> se plante\u00f3 la intenci\u00f3n de hacer una campa\u00f1a durante toda esta semana para concientizar sobre la necesidad de control sobre la presi\u00f3n ocular que puede conllevar a el Glaucoma<\/em>\u201d. Adem\u00e1s asegur\u00f3 que \u201c<strong><em>no es necesario poseer obra social ni mutual<\/em><\/strong><em>\u201d<\/em>.<\/p>\n<p>\u201c<strong><em>El Glaucoma es una enfermedad cr\u00f3nica<\/em><\/strong><em>, multifactorial, <strong>donde se produce un da\u00f1o en el nervio \u00f3ptico<\/strong>, que lleva la imagen al cerebro. El principal da\u00f1o del nervio \u00f3ptico es la presi\u00f3n ocular. Cuando la persona tiene aumento de la presi\u00f3n ocular por diversos factores produce un da\u00f1o en el nervio que conlleva a la perdida de la visi\u00f3n perif\u00e9rica y si el da\u00f1o es mayor lleva a la ceguera\u201d,<\/em> explic\u00f3 el <strong>Dr. Carrizo<\/strong> sobre la enfermedad.<\/p>\n<p>Sobre lo que realizar\u00e1n ma\u00f1ana, <strong>Carrizo<\/strong> coment\u00f3: \u201c<em>Prevenimos que se llegue a ese estadio de ceguera controlando a los pacientes que tienen factores de riesgo: tener m\u00e1s de 40 a\u00f1os,<\/em> <em>antecedentes familiares de Glaucoma, traumatismos en los ojos y\/o personas que tengan tratamiento cr\u00f3nico con corticoides\u201d.<\/em><\/p>\n<p><em>\u201cPara paciente que sea sospechoso de tener la enfermedad hay tratamiento m\u00e9dico con gotas. Cuando no funciona este tratamiento se pasa a la cirug\u00eda. Si la persona tiene mucho da\u00f1o en el nervio \u00f3ptico no tiene vuelta atr\u00e1s. La enfermedad no tiene cura por eso es importante la prevenci\u00f3n y por ende la campa\u00f1a que estamos realizando a nivel nacional\u201d, <\/em>\u00a0concluy\u00f3.<\/p>\n<p><a href=\"http:\/\/vinasfm.com\/noticias\/wp-content\/uploads\/2019\/03\/5395a08c-afba-428e-aedb-9ab7606a05cf.jpg\"><img loading=\"lazy\" decoding=\"async\" class=\" wp-image-49453 aligncenter\" src=\"http:\/\/vinasfm.com\/noticias\/wp-content\/uploads\/2019\/03\/5395a08c-afba-428e-aedb-9ab7606a05cf-300x186.jpg\" alt=\"\" width=\"622\" height=\"386\" srcset=\"https:\/\/vinasfm.com\/noticias\/wp-content\/uploads\/2019\/03\/5395a08c-afba-428e-aedb-9ab7606a05cf-300x186.jpg 300w, https:\/\/vinasfm.com\/noticias\/wp-content\/uploads\/2019\/03\/5395a08c-afba-428e-aedb-9ab7606a05cf.jpg 600w\" sizes=\"auto, (max-width: 622px) 100vw, 622px\" \/><\/a><\/p>\n<p>Por su parte, el <strong>Dr. Fuentes<\/strong>, reflej\u00f3: \u201c<strong><em>El glaucoma no tiene s\u00edntomas<\/em><\/strong><em>. Tiene indicios sutiles como dificultad para realizar un enfoque o un lente certero o mala visi\u00f3n nocturna por la p\u00e9rdida de las c\u00e9lulas perif\u00e9ricas, que permiten que uno vea de noche. El <strong>glaucoma cr\u00f3nico<\/strong> <strong>simple<\/strong> <strong>lo puede tener cualquier persona<\/strong> que viene a consulta a pedir lentes o tiene conjuntivitis y no sabe o no le han tomado presi\u00f3n. Por eso es importante hacer una consulta oftalmol\u00f3gica evitando el lente de farmacia que si bien es c\u00f3modo no soluciona realmente la pesquisa y diagn\u00f3stico del Glaucoma\u201d.<\/em><\/p>\n<p><em>\u201c<strong>No hay que tener preparaci\u00f3n previa ni temor<\/strong>. Hay que venir a partir de las 8:00h donde solo le tomar\u00e1 5 minutos la consulta. Se aconseja que sea anual la consulta para percibir esta patolog\u00eda\u201d, <\/em>explic\u00f3 <strong>Fuentes<\/strong><em>.<\/em><\/p>\n<p>F.B.<\/p>\n","protected":false},"excerpt":{"rendered":"<p>A partir de las 8:00 y hasta las 13:00h de este viernes, el Hospital \u00abEnfermeros Argentinos\u00bb brindar\u00e1 de manera libre y &#8230;<\/p>\n","protected":false},"author":5,"featured_media":49446,"comment_status":"open","ping_status":"open","sticky":false,"template":"","format":"standard","meta":{"footnotes":""},"categories":[5,15],"tags":[],"class_list":["post-49445","post","type-post","status-publish","format-standard","has-post-thumbnail","hentry","category-actualidad","category-salud"],"_links":{"self":[{"href":"https:\/\/vinasfm.com\/noticias\/wp-json\/wp\/v2\/posts\/49445","targetHints":{"allow":["GET"]}}],"collection":[{"href":"https:\/\/vinasfm.com\/noticias\/wp-json\/wp\/v2\/posts"}],"about":[{"href":"https:\/\/vinasfm.com\/noticias\/wp-json\/wp\/v2\/types\/post"}],"author":[{"embeddable":true,"href":"https:\/\/vinasfm.com\/noticias\/wp-json\/wp\/v2\/users\/5"}],"replies":[{"embeddable":true,"href":"https:\/\/vinasfm.com\/noticias\/wp-json\/wp\/v2\/comments?post=49445"}],"version-history":[{"count":1,"href":"https:\/\/vinasfm.com\/noticias\/wp-json\/wp\/v2\/posts\/49445\/revisions"}],"predecessor-version":[{"id":49454,"href":"https:\/\/vinasfm.com\/noticias\/wp-json\/wp\/v2\/posts\/49445\/revisions\/49454"}],"wp:featuredmedia":[{"embeddable":true,"href":"https:\/\/vinasfm.com\/noticias\/wp-json\/wp\/v2\/media\/49446"}],"wp:attachment":[{"href":"https:\/\/vinasfm.com\/noticias\/wp-json\/wp\/v2\/media?parent=49445"}],"wp:term":[{"taxonomy":"category","embeddable":true,"href":"https:\/\/vinasfm.com\/noticias\/wp-json\/wp\/v2\/categories?post=49445"},{"taxonomy":"post_tag","embeddable":true,"href":"https:\/\/vinasfm.com\/noticias\/wp-json\/wp\/v2\/tags?post=49445"}],"curies":[{"name":"wp","href":"https:\/\/api.w.org\/{rel}","templated":true}]}}