{"id":49355,"date":"2019-03-13T09:23:26","date_gmt":"2019-03-13T12:23:26","guid":{"rendered":"http:\/\/vinasfm.com\/noticias\/?p=49355"},"modified":"2019-03-13T09:23:26","modified_gmt":"2019-03-13T12:23:26","slug":"en-abril-comienza-la-campana-antigripal-en-mendoza","status":"publish","type":"post","link":"https:\/\/vinasfm.com\/noticias\/en-abril-comienza-la-campana-antigripal-en-mendoza\/","title":{"rendered":"EN ABRIL COMIENZA LA CAMPA\u00d1A ANTIGRIPAL EN MENDOZA"},"content":{"rendered":"<h4><strong>De cara al comienzo del oto\u00f1o, ya se habla sobre el inicio de las campa\u00f1as de vacunaci\u00f3n en la provincia<\/strong>.\u00a0<strong style=\"font-style: inherit;\">Iris Aguilar, jefa de Inmunizaciones de Mendoza<\/strong>, <strong>indic\u00f3 que la vacuna que aplicar\u00e1n desde abril ser\u00e1 la\u00a0<\/strong><strong style=\"font-style: inherit;\">trivalente<\/strong><strong>, conocida tambi\u00e9n como\u00a0triple viral,\u00a0para la<\/strong> <strong>inmunizaci\u00f3n contra el Sarampi\u00f3n, la Parotiditis o paperas y la Rub\u00e9ola.<\/strong><\/h4>\n<p>\u201c<em>Con la vacuna trivalente que se usa masivamente a nivel mundial, protege contra tres cepas. Eso es importante, porque la nueva vacuna cuadrivalente que protege contra una cepa m\u00e1s es un aporte extra de protecci\u00f3n que ayudar\u00eda un 3% m\u00e1s. Es decir que no es significativo, como para que desde el punto de vista de salud p\u00fablica se tenga que incorporar<\/em>\u00ab, inform\u00f3 <strong>Aguilar<\/strong>.<\/p>\n<p>\u201c<em>Seguramente\u00a0<strong style=\"font-style: inherit;\">sobre fines de marzo y comienzos de abril empieza la distribuci\u00f3n por parte de la Secretar\u00eda de Salud de la Naci\u00f3n<\/strong>. Ah\u00ed nosotros comenzamos con la log\u00edstica y distribuci\u00f3n a los centros de salud y hospitales p\u00fablicos de la provincia, para que la gente que pertenezca a los grupos de riesgo pueda acceder a la vacuna en el lugar m\u00e1s cercano a su domicilio. De esa manera que no saturemos el Vacunatorio Central<\/em>\u201d, explic\u00f3 la m\u00e9dica.<\/p>\n<h4 style=\"font-style: inherit;\"><strong style=\"font-style: inherit;\">\u00bfQui\u00e9nes deben vacunarse?<\/strong><\/h4>\n<ul>\n<li>Embarazadas en cualquier momento del embarazo,\u00a0aunque se hayan vacunado el a\u00f1o pasado porque son cepas diferentes.<\/li>\n<li>Mam\u00e1s que hayan tenido beb\u00e9s hasta 10 d\u00edas despu\u00e9s del parto.<\/li>\n<li>Mayores de 65 a\u00f1os.<\/li>\n<li>Beb\u00e9s entre 6 y 24 meses.<\/li>\n<li>Menores de 65 a\u00f1os con alguna enfermedad asociada como diabetes, asma, EPOC, pacientes oncol\u00f3gicos, HIV u obesos con orden m\u00e9dica.<\/li>\n<\/ul>\n<p style=\"font-style: inherit;\"><strong style=\"font-style: inherit;\">Toda persona que no est\u00e9 incluida en el grupo de riesgo, pude acceder a la vacuna en el sector privado<\/strong>. El objetivo es proteger a los grupos m\u00e1s vulnerables de las complicaciones que pueden desencadenar la muerte.<\/p>\n<p style=\"font-style: inherit;\">\u00a0\u201c<strong style=\"font-style: inherit;\"><em>El a\u00f1o pasado terminamos con m\u00e1s de 250 mil dosis aplicadas de vacuna antigripal<\/em><\/strong><em>. Eso signific\u00f3\u00a0<strong style=\"font-style: inherit;\">30 mil dosis m\u00e1s que en el 2017<\/strong>. Eso si sumamos el personal de salud que tambi\u00e9n se debe vacunar, que el a\u00f1o pasado adhiri\u00f3 a la vacunaci\u00f3n<\/em>\u00ab, dijo la jefa de Inmunizaciones.<\/p>\n<p style=\"font-style: inherit;\">Adem\u00e1s, inform\u00f3 que la vacuna del\u00a0<strong style=\"font-style: inherit;\">meningococo se aplicar\u00e1 solo en menores de 11 a\u00f1os<\/strong>\u00a0y que la del\u00a0<strong style=\"font-style: inherit;\">neumococo sigue siendo parte del calendario<\/strong>.<\/p>\n<p>F.B.<\/p>\n","protected":false},"excerpt":{"rendered":"<p>De cara al comienzo del oto\u00f1o, ya se habla sobre el inicio de las campa\u00f1as de vacunaci\u00f3n en la provincia.\u00a0Iris Aguilar, &#8230;<\/p>\n","protected":false},"author":5,"featured_media":49360,"comment_status":"open","ping_status":"open","sticky":false,"template":"","format":"standard","meta":{"footnotes":""},"categories":[5,15],"tags":[],"class_list":["post-49355","post","type-post","status-publish","format-standard","has-post-thumbnail","hentry","category-actualidad","category-salud"],"_links":{"self":[{"href":"https:\/\/vinasfm.com\/noticias\/wp-json\/wp\/v2\/posts\/49355","targetHints":{"allow":["GET"]}}],"collection":[{"href":"https:\/\/vinasfm.com\/noticias\/wp-json\/wp\/v2\/posts"}],"about":[{"href":"https:\/\/vinasfm.com\/noticias\/wp-json\/wp\/v2\/types\/post"}],"author":[{"embeddable":true,"href":"https:\/\/vinasfm.com\/noticias\/wp-json\/wp\/v2\/users\/5"}],"replies":[{"embeddable":true,"href":"https:\/\/vinasfm.com\/noticias\/wp-json\/wp\/v2\/comments?post=49355"}],"version-history":[{"count":1,"href":"https:\/\/vinasfm.com\/noticias\/wp-json\/wp\/v2\/posts\/49355\/revisions"}],"predecessor-version":[{"id":49361,"href":"https:\/\/vinasfm.com\/noticias\/wp-json\/wp\/v2\/posts\/49355\/revisions\/49361"}],"wp:featuredmedia":[{"embeddable":true,"href":"https:\/\/vinasfm.com\/noticias\/wp-json\/wp\/v2\/media\/49360"}],"wp:attachment":[{"href":"https:\/\/vinasfm.com\/noticias\/wp-json\/wp\/v2\/media?parent=49355"}],"wp:term":[{"taxonomy":"category","embeddable":true,"href":"https:\/\/vinasfm.com\/noticias\/wp-json\/wp\/v2\/categories?post=49355"},{"taxonomy":"post_tag","embeddable":true,"href":"https:\/\/vinasfm.com\/noticias\/wp-json\/wp\/v2\/tags?post=49355"}],"curies":[{"name":"wp","href":"https:\/\/api.w.org\/{rel}","templated":true}]}}