{"id":49235,"date":"2019-03-14T09:48:38","date_gmt":"2019-03-14T12:48:38","guid":{"rendered":"http:\/\/vinasfm.com\/noticias\/?p=49235"},"modified":"2019-03-14T09:57:12","modified_gmt":"2019-03-14T12:57:12","slug":"el-camion-ginecologico-de-provincia-estara-en-alvear","status":"publish","type":"post","link":"https:\/\/vinasfm.com\/noticias\/el-camion-ginecologico-de-provincia-estara-en-alvear\/","title":{"rendered":"EL CAMI\u00d3N GINECOL\u00d3GICO DE PROVINCIA EST\u00c1 ATENDIENDO EN ALVEAR"},"content":{"rendered":"<p><strong>Desde el d\u00eda martes, el cami\u00f3n ginecol\u00f3gico de la Provincia se encuentra atendiendo en nuestro departamento de 8:00 a 13:00h.<\/strong><\/p>\n<p><b>\u00a0Primeramente atendi\u00f3 en el Centro de Salud de El Ceibo,<\/b>\u00a0el mi\u00e9rcoles 13 en la <strong>Posta Sanitaria de El Desv\u00edo<\/strong>, el jueves 14 en <strong>Escuela Salvador Giufrida<\/strong>, ubicada en calle O y 13 y ma\u00f1ana viernes en el <strong>Barrio El Cerrito<\/strong> de Bowen.<\/p>\n<p>La convocatoria en el caso de implantes, es para mujeres de 13 a 19 a\u00f1os sin obra social; DIU, aquellas con un evento obst\u00e9trico como m\u00ednimo, sin Obra Social; PAP: a partir de los 25 a\u00f1os en adelante y mamograf\u00edas, mujeres de 50 a 64 a\u00f1os.<\/p>\n<p><a href=\"http:\/\/vinasfm.com\/noticias\/wp-content\/uploads\/2019\/03\/fec6c7fa-fd67-4b74-9b50-6f19d659ddeb.jpg\"><img loading=\"lazy\" decoding=\"async\" class=\" wp-image-49240 aligncenter\" src=\"http:\/\/vinasfm.com\/noticias\/wp-content\/uploads\/2019\/03\/fec6c7fa-fd67-4b74-9b50-6f19d659ddeb-300x289.jpg\" alt=\"\" width=\"495\" height=\"477\" srcset=\"https:\/\/vinasfm.com\/noticias\/wp-content\/uploads\/2019\/03\/fec6c7fa-fd67-4b74-9b50-6f19d659ddeb-300x289.jpg 300w, https:\/\/vinasfm.com\/noticias\/wp-content\/uploads\/2019\/03\/fec6c7fa-fd67-4b74-9b50-6f19d659ddeb-768x741.jpg 768w, https:\/\/vinasfm.com\/noticias\/wp-content\/uploads\/2019\/03\/fec6c7fa-fd67-4b74-9b50-6f19d659ddeb-1024x988.jpg 1024w, https:\/\/vinasfm.com\/noticias\/wp-content\/uploads\/2019\/03\/fec6c7fa-fd67-4b74-9b50-6f19d659ddeb.jpg 1280w\" sizes=\"auto, (max-width: 495px) 100vw, 495px\" \/><\/a><\/p>\n<p>A.C.<\/p>\n","protected":false},"excerpt":{"rendered":"<p>Desde el d\u00eda martes, el cami\u00f3n ginecol\u00f3gico de la Provincia se encuentra atendiendo en nuestro departamento de 8:00 a 13:00h. \u00a0Primeramente &#8230;<\/p>\n","protected":false},"author":5,"featured_media":10132,"comment_status":"open","ping_status":"open","sticky":false,"template":"","format":"standard","meta":{"footnotes":""},"categories":[5,15],"tags":[],"class_list":["post-49235","post","type-post","status-publish","format-standard","has-post-thumbnail","hentry","category-actualidad","category-salud"],"_links":{"self":[{"href":"https:\/\/vinasfm.com\/noticias\/wp-json\/wp\/v2\/posts\/49235","targetHints":{"allow":["GET"]}}],"collection":[{"href":"https:\/\/vinasfm.com\/noticias\/wp-json\/wp\/v2\/posts"}],"about":[{"href":"https:\/\/vinasfm.com\/noticias\/wp-json\/wp\/v2\/types\/post"}],"author":[{"embeddable":true,"href":"https:\/\/vinasfm.com\/noticias\/wp-json\/wp\/v2\/users\/5"}],"replies":[{"embeddable":true,"href":"https:\/\/vinasfm.com\/noticias\/wp-json\/wp\/v2\/comments?post=49235"}],"version-history":[{"count":2,"href":"https:\/\/vinasfm.com\/noticias\/wp-json\/wp\/v2\/posts\/49235\/revisions"}],"predecessor-version":[{"id":49432,"href":"https:\/\/vinasfm.com\/noticias\/wp-json\/wp\/v2\/posts\/49235\/revisions\/49432"}],"wp:featuredmedia":[{"embeddable":true,"href":"https:\/\/vinasfm.com\/noticias\/wp-json\/wp\/v2\/media\/10132"}],"wp:attachment":[{"href":"https:\/\/vinasfm.com\/noticias\/wp-json\/wp\/v2\/media?parent=49235"}],"wp:term":[{"taxonomy":"category","embeddable":true,"href":"https:\/\/vinasfm.com\/noticias\/wp-json\/wp\/v2\/categories?post=49235"},{"taxonomy":"post_tag","embeddable":true,"href":"https:\/\/vinasfm.com\/noticias\/wp-json\/wp\/v2\/tags?post=49235"}],"curies":[{"name":"wp","href":"https:\/\/api.w.org\/{rel}","templated":true}]}}