{"id":49169,"date":"2019-03-09T10:00:05","date_gmt":"2019-03-09T13:00:05","guid":{"rendered":"http:\/\/vinasfm.com\/noticias\/?p=49169"},"modified":"2019-03-11T10:27:38","modified_gmt":"2019-03-11T13:27:38","slug":"una-enfermera-se-encadeno-en-la-puerta-de-la-comuna","status":"publish","type":"post","link":"https:\/\/vinasfm.com\/noticias\/una-enfermera-se-encadeno-en-la-puerta-de-la-comuna\/","title":{"rendered":"UNA ENFERMERA SE ENCADEN\u00d3 EN LA PUERTA DE LA COMUNA"},"content":{"rendered":"<h4><strong>Cerca del mediod\u00eda de este viernes una mujer se encaden\u00f3 en una de las barandas de las escaleras que conducen a la entrada del palacio municipal. Con un profundo reclamo de por medio se ali\u00f3 de la congoja para expresar a la prensa la situaci\u00f3n vivida. Los testimonios.<\/strong><\/h4>\n<p><strong>Analia Jaime<\/strong> es bonaerense radicada en nuestra provincia. Es Licenciada en Enfermer\u00eda, carrera que curs\u00f3 en la UNCuyo tiempo atr\u00e1s. Trabaj\u00f3 en su profesi\u00f3n 6 a\u00f1os en Buenos Aires, 10 a\u00f1os en el Hospital \u201c<em>Humberto Notti<\/em>\u201d y los \u00faltimos 3 a\u00f1os en Alvear<\/p>\n<p>En la puerta del municipio expres\u00f3 que ella y su marido, tambi\u00e9n enfermero, recibieron una notificaci\u00f3n de trasladado al Notti y asegur\u00f3 que la causa radica en una persecuci\u00f3n pol\u00edtica.<\/p>\n<p>Entre sollozos y l\u00e1grimas, Analia, cont\u00f3 su versi\u00f3n de la historia que la rodea desde que fue adscripta desde el Hospital Notti al \u00c1rea de Salud de nuestro departamento. \u201c<em>Desde que llegu\u00e9 no han dejado de perseguir. Esta es la segunda vez que me quieren pasar al Hospital Notti. No me han dejado trabajar como se debe, me han hecho la vida imposible desde hace 3 a\u00f1os y lo hacen por pol\u00edtica. Me han trasladado de un centro de salud a otro con lo que eso implica<\/em>\u201d, agreg\u00f3 la enfermera.<\/p>\n<p>\u201c<em>Me quieren enviar de vuelta al Notti. Yo vine a Alvear por mi pap\u00e1 que tiene problemas de coraz\u00f3n y necesitaba estar cerca. Hace una semana a tras denunci\u00e9 a Mabel Sayago, que milita para Cambiemos y est\u00e1 en el Sal\u00f3n del Barrio Pellegrini y es una persona que siempre se ha encargado de maltratarme siempre y la semana pasada me insult\u00f3<\/em>\u201d, dispar\u00f3.<\/p>\n<p>\u201c<em>No me han dado fundamentos del traslado, solo me dijeron que me tengo que ir y a las pruebas me remito. Me dieron una Resoluci\u00f3n de la nada y en caso de no aceptarla me intiman con un despido o un seguro y no es lo que quiero porque me gusta trabajar con la gente de aqu\u00ed<\/em>\u201d concluy\u00f3 la mujer asegurando que este movimiento sinuoso fue perge\u00f1ado por la actual Presidente de la Uni\u00f3n Vecinal del B\u00b0 Pellegrini. Adem\u00e1s asegur\u00f3 que hay un gran grupo de vecinos que la apoyar\u00e1 vali\u00e9ndose de testigos, incluso en la Justicia.<\/p>\n<p>Rengl\u00f3n seguido, personal policial se aperson\u00f3\u00a0 en el lugar para persuadir a la acongojada enfermera que desistiera de seguir encadenada y optara por encarar la situaci\u00f3n de la manera que corresponde.<\/p>\n<p><strong>F.M. Vi\u00f1as<\/strong> tom\u00f3 contacto con la otra parte de la historia, <strong>Mabel Sayago<\/strong>. La misma est\u00e1 a cargo de la Uni\u00f3n Vecinal donde se desempe\u00f1\u00f3 Jaime en los \u00faltimos dos a\u00f1os.<\/p>\n<p><em>\u201cNosotros somos totalmente ajenos a este problema del que nos acusa Analia. Hace dos semanas un vecino del barrio solicit\u00f3 el sal\u00f3n porque se casaba su nieto, le dijimos que si porque con el alquiler pagamos las facturas correspondientes. A posterior le inform\u00e9 al Jefe de \u00c1rea de Jaime, quien le avisa que ese d\u00eda no tiene que asistir porque al mediod\u00eda se har\u00eda el almuerzo del casamiento. Esa es la raz\u00f3n por la que se enoj\u00f3<\/em>\u201d, reflej\u00f3 <strong>Mabel<\/strong>.<\/p>\n<p>\u201c<em>Su desempe\u00f1o laboral ha sido perfecto. Es una buena enfermera y hacia trabajo de hormiga pr\u00e1cticamente. En el barrio hay muchas personas mayores y ella estuvo siempre a disposici\u00f3n atendi\u00e9ndolos<\/em>\u201d, respondi\u00f3 en cuanto al desempe\u00f1o laboral que corresponde a la enfermera.<\/p>\n<p><strong>Jaime<\/strong> asegur\u00f3 en su declaraci\u00f3n a la prensa que hab\u00eda denunciado a <strong>Mabel Sayago<\/strong>. Al respecto, Sayago coment\u00f3: \u201c<em>Si ella contin\u00faa arremetiendo para con mi persona tomar\u00e9 cartas en el asunto e iremos a la Justicia porque gratuitamente no puede ensuciarme sin raz\u00f3n. Ella dijo que me denunci\u00f3 pero no me ha llegado nada. Esto es responsabilidad del \u00c1rea de Salud\u201d<\/em><\/p>\n<p>\u201c<em>Entiendo que est\u00e1 en un estado de desesperaci\u00f3n por el trasladado que le toca pero no por eso tiene acceso a meterme en el medio. Soy simplemente un vecina del B\u00b0 Pellegrini que por el momento ocupa el cargo de Presidente de la Uni\u00f3n Vecinal y nada tengo que ver con el asunto del \u00e1rea de Salud<\/em>\u201d, se defendi\u00f3 <strong>Sayago<\/strong>.<\/p>\n<p>F.B.<\/p>\n","protected":false},"excerpt":{"rendered":"<p>Cerca del mediod\u00eda de este viernes una mujer se encaden\u00f3 en una de las barandas de las escaleras que conducen a &#8230;<\/p>\n","protected":false},"author":5,"featured_media":49170,"comment_status":"open","ping_status":"open","sticky":false,"template":"","format":"standard","meta":{"footnotes":""},"categories":[5,10],"tags":[],"class_list":["post-49169","post","type-post","status-publish","format-standard","has-post-thumbnail","hentry","category-actualidad","category-destacadas"],"_links":{"self":[{"href":"https:\/\/vinasfm.com\/noticias\/wp-json\/wp\/v2\/posts\/49169","targetHints":{"allow":["GET"]}}],"collection":[{"href":"https:\/\/vinasfm.com\/noticias\/wp-json\/wp\/v2\/posts"}],"about":[{"href":"https:\/\/vinasfm.com\/noticias\/wp-json\/wp\/v2\/types\/post"}],"author":[{"embeddable":true,"href":"https:\/\/vinasfm.com\/noticias\/wp-json\/wp\/v2\/users\/5"}],"replies":[{"embeddable":true,"href":"https:\/\/vinasfm.com\/noticias\/wp-json\/wp\/v2\/comments?post=49169"}],"version-history":[{"count":2,"href":"https:\/\/vinasfm.com\/noticias\/wp-json\/wp\/v2\/posts\/49169\/revisions"}],"predecessor-version":[{"id":49229,"href":"https:\/\/vinasfm.com\/noticias\/wp-json\/wp\/v2\/posts\/49169\/revisions\/49229"}],"wp:featuredmedia":[{"embeddable":true,"href":"https:\/\/vinasfm.com\/noticias\/wp-json\/wp\/v2\/media\/49170"}],"wp:attachment":[{"href":"https:\/\/vinasfm.com\/noticias\/wp-json\/wp\/v2\/media?parent=49169"}],"wp:term":[{"taxonomy":"category","embeddable":true,"href":"https:\/\/vinasfm.com\/noticias\/wp-json\/wp\/v2\/categories?post=49169"},{"taxonomy":"post_tag","embeddable":true,"href":"https:\/\/vinasfm.com\/noticias\/wp-json\/wp\/v2\/tags?post=49169"}],"curies":[{"name":"wp","href":"https:\/\/api.w.org\/{rel}","templated":true}]}}