{"id":49132,"date":"2019-03-08T09:56:31","date_gmt":"2019-03-08T12:56:31","guid":{"rendered":"http:\/\/vinasfm.com\/noticias\/?p=49132"},"modified":"2019-03-08T09:56:31","modified_gmt":"2019-03-08T12:56:31","slug":"700-hectareas-quemadas-en-la-zona-de-los-huarpes-por-el-paso-de-una-tormenta-electrica","status":"publish","type":"post","link":"https:\/\/vinasfm.com\/noticias\/700-hectareas-quemadas-en-la-zona-de-los-huarpes-por-el-paso-de-una-tormenta-electrica\/","title":{"rendered":"700 HECT\u00c1REAS QUEMADAS EN LA ZONA DE LOS HUARPES POR EL PASO DE UNA TORMENTA EL\u00c9CTRICA"},"content":{"rendered":"<p>En la tarde del jueves producto del paso de una tormenta se produjo un incendio en la zona de Los Huarpes hacia el norte de Ruta 188. El fuerte viento del sector sur ayud\u00f3 a la propagaci\u00f3n.<\/p>\n<p>El fuego fue avistado por un automovilista que transitaba por la ruta, quien de inmediato avis\u00f3 a Defensa Civil.<\/p>\n<p>De acuerdo a lo que indic\u00f3 a F.M Vi\u00f1as el titular de Defensa Civil local, Adolfo Balverde, el foco se encuentra contenido en el campo de Marta Martos. All\u00ed se encuentra trabajando una cuadrilla de 6 personas del PPMF y personal del lugar.<\/p>\n<p>Hasta la ma\u00f1ana de este viernes 700 hect\u00e1reas aproximadamente hab\u00edan sido afectadas por el fuego, adem\u00e1s de un kil\u00f3metro \u00a0y medio de alambrado.<\/p>\n<p>A.C.<\/p>\n","protected":false},"excerpt":{"rendered":"<p>En la tarde del jueves producto del paso de una tormenta se produjo un incendio en la zona de Los Huarpes &#8230;<\/p>\n","protected":false},"author":5,"featured_media":41678,"comment_status":"open","ping_status":"open","sticky":false,"template":"","format":"standard","meta":{"footnotes":""},"categories":[1],"tags":[],"class_list":["post-49132","post","type-post","status-publish","format-standard","has-post-thumbnail","hentry","category-fmvinas"],"_links":{"self":[{"href":"https:\/\/vinasfm.com\/noticias\/wp-json\/wp\/v2\/posts\/49132","targetHints":{"allow":["GET"]}}],"collection":[{"href":"https:\/\/vinasfm.com\/noticias\/wp-json\/wp\/v2\/posts"}],"about":[{"href":"https:\/\/vinasfm.com\/noticias\/wp-json\/wp\/v2\/types\/post"}],"author":[{"embeddable":true,"href":"https:\/\/vinasfm.com\/noticias\/wp-json\/wp\/v2\/users\/5"}],"replies":[{"embeddable":true,"href":"https:\/\/vinasfm.com\/noticias\/wp-json\/wp\/v2\/comments?post=49132"}],"version-history":[{"count":1,"href":"https:\/\/vinasfm.com\/noticias\/wp-json\/wp\/v2\/posts\/49132\/revisions"}],"predecessor-version":[{"id":49134,"href":"https:\/\/vinasfm.com\/noticias\/wp-json\/wp\/v2\/posts\/49132\/revisions\/49134"}],"wp:featuredmedia":[{"embeddable":true,"href":"https:\/\/vinasfm.com\/noticias\/wp-json\/wp\/v2\/media\/41678"}],"wp:attachment":[{"href":"https:\/\/vinasfm.com\/noticias\/wp-json\/wp\/v2\/media?parent=49132"}],"wp:term":[{"taxonomy":"category","embeddable":true,"href":"https:\/\/vinasfm.com\/noticias\/wp-json\/wp\/v2\/categories?post=49132"},{"taxonomy":"post_tag","embeddable":true,"href":"https:\/\/vinasfm.com\/noticias\/wp-json\/wp\/v2\/tags?post=49132"}],"curies":[{"name":"wp","href":"https:\/\/api.w.org\/{rel}","templated":true}]}}