{"id":48941,"date":"2019-03-05T12:36:01","date_gmt":"2019-03-05T15:36:01","guid":{"rendered":"http:\/\/vinasfm.com\/noticias\/?p=48941"},"modified":"2019-03-05T12:40:05","modified_gmt":"2019-03-05T15:40:05","slug":"postal-alvear-positivo-balance-del-fin-de-semana-largo","status":"publish","type":"post","link":"https:\/\/vinasfm.com\/noticias\/postal-alvear-positivo-balance-del-fin-de-semana-largo\/","title":{"rendered":"POSTAL ALVEAR: POSITIVO BALANCE DEL FIN DE SEMANA LARGO"},"content":{"rendered":"<h4><strong>La Directora de Turismo de General Alvear destac\u00f3 la participaci\u00f3n de los alvearenses en el marco del fin de semana largo con las m\u00faltiples actividades sociales, culturales y deportivas desarrolladas. La ocupaci\u00f3n hotelera fue del 90%.<\/strong><\/h4>\n<blockquote>\n<h5><strong><em>Frase destacada: \u201cEl camino para un correcto desarrollo tur\u00edstico son los eventos\u201d.<\/em><\/strong><\/h5>\n<\/blockquote>\n<p><strong>Fabiana Gonzalez<\/strong> en contacto con <strong>F.M. Vi\u00f1as<\/strong> reflej\u00f3 \u201c<em>El tiempo se sum\u00f3 a todas las actividades con muchos turistas que movilizaron Alvear. Estamos felices de poder estar a la altura de las circunstancias y ofrecer a todos buenos servicios\u201d.<\/em><\/p>\n<p>Buenas fueron las sensaciones que la funcionaria rescat\u00f3 de las actividades que tuvieron lugar en estos cuatro d\u00edas. <em>\u201cFue emocionante escuchar a la gente que se qued\u00f3 impactada por la organizaci\u00f3n del Canav. Los pilotos y las empresas destacaron lo que Alvear les entreg\u00f3 y la calidad de nuestra gente. Sume a que recibimos buenos comentarios sobre el variet\u00e9 de actividades que complementaron al Canav y que est\u00e1n a disposici\u00f3n cada fin de semana\u201d.<\/em><\/p>\n<p>La <strong>Directora de Turismo<\/strong> agradeci\u00f3 a la <strong>C\u00e1mara de Comercio<\/strong><strong> p<\/strong>or la recepci\u00f3n en su sede para con los competidores. Resalt\u00f3 adem\u00e1s la calidad de productos y servicios que ofrecen los comercios, prestadores y empresas locales. \u00ab<em>La gente del Polideportivo y la Direcci\u00f3n de Deportes, sin contar las tantas carteras que se suman y trabajan arduamente desde su lugar para que cada evento tenga \u00e9xito, merecen el reconocimiento por la convicci\u00f3n de apostar por un Alvear con mayor y mejor prestador de servicios en pos del turismo\u00bb.\u00a0<\/em><\/p>\n<p>A modo de <strong>balance<\/strong>, explic\u00f3: <em>\u201cAnoche el Intendente me pregunt\u00f3 si ten\u00eda conocimiento del impacto econ\u00f3mico que genera esto y reci\u00e9n ah\u00ed uno toma dimensi\u00f3n. Esto significa mucho para el departamento y <\/em><strong><em>beneficia la econom\u00eda interna en todos sus sentidos<\/em><\/strong><em>. <\/em><strong><em>Estas acciones causan que nos conozcan y que vuelvan<\/em><\/strong><em>\u201d.<\/em><\/p>\n<p><em>\u201c<\/em><strong><em>Un turista gast\u00f3 por d\u00eda en este fin de semana aproximadamente $2.500 promedio<\/em><\/strong><em> en el departamento seg\u00fan el relevamiento que llevamos en las estad\u00edsticas\u201d <\/em>resalt\u00f3 <strong>Gonzalez<\/strong>, quien adem\u00e1s a\u00f1adi\u00f3<em> \u201cEl Vicepresidente del Ente de Turismo nos acompa\u00f1\u00f3 en un almuerzo y junto con los prestadores coment\u00f3 que el 40% del turismo se movi\u00f3 por el Canav y el 60% por el resto de las actividades\u201d.<\/em><\/p>\n<p>F.B.<\/p>\n<p>&nbsp;<\/p>\n","protected":false},"excerpt":{"rendered":"<p>La Directora de Turismo de General Alvear destac\u00f3 la participaci\u00f3n de los alvearenses en el marco del fin de semana largo &#8230;<\/p>\n","protected":false},"author":5,"featured_media":48942,"comment_status":"open","ping_status":"open","sticky":false,"template":"","format":"standard","meta":{"footnotes":""},"categories":[5,20],"tags":[],"class_list":["post-48941","post","type-post","status-publish","format-standard","has-post-thumbnail","hentry","category-actualidad","category-turismo"],"_links":{"self":[{"href":"https:\/\/vinasfm.com\/noticias\/wp-json\/wp\/v2\/posts\/48941","targetHints":{"allow":["GET"]}}],"collection":[{"href":"https:\/\/vinasfm.com\/noticias\/wp-json\/wp\/v2\/posts"}],"about":[{"href":"https:\/\/vinasfm.com\/noticias\/wp-json\/wp\/v2\/types\/post"}],"author":[{"embeddable":true,"href":"https:\/\/vinasfm.com\/noticias\/wp-json\/wp\/v2\/users\/5"}],"replies":[{"embeddable":true,"href":"https:\/\/vinasfm.com\/noticias\/wp-json\/wp\/v2\/comments?post=48941"}],"version-history":[{"count":1,"href":"https:\/\/vinasfm.com\/noticias\/wp-json\/wp\/v2\/posts\/48941\/revisions"}],"predecessor-version":[{"id":48943,"href":"https:\/\/vinasfm.com\/noticias\/wp-json\/wp\/v2\/posts\/48941\/revisions\/48943"}],"wp:featuredmedia":[{"embeddable":true,"href":"https:\/\/vinasfm.com\/noticias\/wp-json\/wp\/v2\/media\/48942"}],"wp:attachment":[{"href":"https:\/\/vinasfm.com\/noticias\/wp-json\/wp\/v2\/media?parent=48941"}],"wp:term":[{"taxonomy":"category","embeddable":true,"href":"https:\/\/vinasfm.com\/noticias\/wp-json\/wp\/v2\/categories?post=48941"},{"taxonomy":"post_tag","embeddable":true,"href":"https:\/\/vinasfm.com\/noticias\/wp-json\/wp\/v2\/tags?post=48941"}],"curies":[{"name":"wp","href":"https:\/\/api.w.org\/{rel}","templated":true}]}}