{"id":48935,"date":"2019-03-05T11:51:32","date_gmt":"2019-03-05T14:51:32","guid":{"rendered":"http:\/\/vinasfm.com\/noticias\/?p=48935"},"modified":"2019-03-05T11:51:32","modified_gmt":"2019-03-05T14:51:32","slug":"carpocapsa-buscan-reanudar-el-envio-de-peras-y-manzanas-a-brasil","status":"publish","type":"post","link":"https:\/\/vinasfm.com\/noticias\/carpocapsa-buscan-reanudar-el-envio-de-peras-y-manzanas-a-brasil\/","title":{"rendered":"CARPOCAPSA: BUSCAN REANUDAR EL ENV\u00cdO DE PERAS Y MANZANAS A BRASIL"},"content":{"rendered":"<h4><strong>Luego de conocerse que Brasil volvi\u00f3 a cerrar la puerta a peras y manzanas de la Argentina por la presencia de plaga carpocapsa, ahora se trabaja para revertir esa suspensi\u00f3n.<\/strong><\/h4>\n<p>Si bien la aparici\u00f3n se dio en un cargamento de la Patagonia, <strong>Brasil cerr\u00f3 sus puertas a toda la fruta argentina<\/strong>. Hay que destacar que <strong>el mercado del vecino pa\u00eds es muy importante para Mendoza<\/strong>, principalmente para el <strong>Sur <\/strong>y Valle de Uco, donde se concentra la producci\u00f3n de peras y manzanas.<\/p>\n<p>Ahora desde el <strong>Senasa <\/strong>se inform\u00f3 que en el marco de las gestiones para levantar la suspensi\u00f3n de exportaciones de peras y manzanas argentinas a Brasil, autoridades del <strong>Servicio Nacional de Sanidad y Calidad Agroalimentaria<\/strong> (Senasa) tuvieron una nueva reuni\u00f3n por medio de una videoconferencia con sus pares del pa\u00eds vecino.<\/p>\n<p>Las conversaciones, que se iniciaron por medio del <strong>secretario de Gobierno de Agroindustria de la Naci\u00f3n, Luis Etchevehere<\/strong>; y <strong>la ministra de Agricultura, Pecuaria y Abastecimiento<\/strong> (<strong><em>MAPA<\/em><\/strong>) <strong>de Brasil, Tereza Cristina<\/strong>, continuar\u00e1n este mi\u00e9rcoles en Brasil con la presencia del presidente del Senasa, Ricardo Negri.<\/p>\n<p>T\u00e9cnicos de la <strong>Direcci\u00f3n Nacional de Protecci\u00f3n Vegetal del Senasa<\/strong> trabajan en un plan que el propio Negri presentar\u00e1 ante las autoridades del <strong>MAPA de Brasil<\/strong>.<\/p>\n<p>Durante la videoconferencia, Brasil mostr\u00f3 predisposici\u00f3n a escuchar la posici\u00f3n de la Argentina y analizar el plan de medidas adicionales que propondr\u00e1 el Senasa. Asimismo, t\u00e9cnicos de Brasil realizar\u00e1n una auditor\u00eda en la Argentina, que podr\u00eda llevarse a cabo con posterioridad al reinicio de los env\u00edos de peras y manzanas.<\/p>\n<p>Adem\u00e1s, el <strong>Senasa<\/strong> record\u00f3 que el sistema de mitigaci\u00f3n de riesgo acordado entre ambos pa\u00edses contempla la posibilidad de que haya intercepciones de la plaga en diferentes lugares y que hay acciones previstas para esos casos. En tal sentido, la Argentina ratific\u00f3 que esas acciones fueron llevadas adelante y comunicadas oportunamente al pa\u00eds vecino.<\/p>\n<p>F.B.<\/p>\n","protected":false},"excerpt":{"rendered":"<p>Luego de conocerse que Brasil volvi\u00f3 a cerrar la puerta a peras y manzanas de la Argentina por la presencia de &#8230;<\/p>\n","protected":false},"author":5,"featured_media":48769,"comment_status":"open","ping_status":"open","sticky":false,"template":"","format":"standard","meta":{"footnotes":""},"categories":[5,14,16],"tags":[],"class_list":["post-48935","post","type-post","status-publish","format-standard","has-post-thumbnail","hentry","category-actualidad","category-agro","category-economia"],"_links":{"self":[{"href":"https:\/\/vinasfm.com\/noticias\/wp-json\/wp\/v2\/posts\/48935","targetHints":{"allow":["GET"]}}],"collection":[{"href":"https:\/\/vinasfm.com\/noticias\/wp-json\/wp\/v2\/posts"}],"about":[{"href":"https:\/\/vinasfm.com\/noticias\/wp-json\/wp\/v2\/types\/post"}],"author":[{"embeddable":true,"href":"https:\/\/vinasfm.com\/noticias\/wp-json\/wp\/v2\/users\/5"}],"replies":[{"embeddable":true,"href":"https:\/\/vinasfm.com\/noticias\/wp-json\/wp\/v2\/comments?post=48935"}],"version-history":[{"count":1,"href":"https:\/\/vinasfm.com\/noticias\/wp-json\/wp\/v2\/posts\/48935\/revisions"}],"predecessor-version":[{"id":48940,"href":"https:\/\/vinasfm.com\/noticias\/wp-json\/wp\/v2\/posts\/48935\/revisions\/48940"}],"wp:featuredmedia":[{"embeddable":true,"href":"https:\/\/vinasfm.com\/noticias\/wp-json\/wp\/v2\/media\/48769"}],"wp:attachment":[{"href":"https:\/\/vinasfm.com\/noticias\/wp-json\/wp\/v2\/media?parent=48935"}],"wp:term":[{"taxonomy":"category","embeddable":true,"href":"https:\/\/vinasfm.com\/noticias\/wp-json\/wp\/v2\/categories?post=48935"},{"taxonomy":"post_tag","embeddable":true,"href":"https:\/\/vinasfm.com\/noticias\/wp-json\/wp\/v2\/tags?post=48935"}],"curies":[{"name":"wp","href":"https:\/\/api.w.org\/{rel}","templated":true}]}}