{"id":48738,"date":"2019-03-01T07:37:04","date_gmt":"2019-03-01T10:37:04","guid":{"rendered":"http:\/\/vinasfm.com\/noticias\/?p=48738"},"modified":"2019-03-01T07:37:04","modified_gmt":"2019-03-01T10:37:04","slug":"comienza-la-inscripcion-para-las-becas-progresar-2019","status":"publish","type":"post","link":"https:\/\/vinasfm.com\/noticias\/comienza-la-inscripcion-para-las-becas-progresar-2019\/","title":{"rendered":"COMIENZA LA INSCRIPCI\u00d3N PARA LAS BECAS PROGRESAR 2019"},"content":{"rendered":"<h4><strong>Est\u00e1n destinadas a j\u00f3venes de 18 a 24 a\u00f1os. Podr\u00e1n inscribirse del 1 al 31 de marzo en www.argentina.gob.ar\/becasprogresar.<\/strong><\/h4>\n<p>La <strong>Coordinaci\u00f3n de Pol\u00edticas Estudiantiles<\/strong>, dependientes de la <strong>Direcci\u00f3n General de Escuelas <\/strong>(<strong>DGE<\/strong>), informa que el viernes 1 de marzo comienzan las inscripciones para las Becas Progresar 2019. Est\u00e1n destinadas a j\u00f3venes argentinos que necesitan apoyo para continuar y finalizar sus estudios obligatorios y de educaci\u00f3n superior.<\/p>\n<p>Las becas tienen como fin fomentar el progreso acad\u00e9mico y acompa\u00f1ar la trayectoria de cada estudiante.<\/p>\n<p>Durante este a\u00f1o, <strong>las inscripciones se realizar\u00e1n del 1 al 31 de marzo<\/strong>, a trav\u00e9s de la plataforma\u00a0<em>web<\/em>\u00a0para todas las l\u00edneas de becas. Cabe destacar que los postulantes podr\u00e1n inscribirse s\u00f3lo en una de las l\u00edneas.<\/p>\n<p>Los postulantes nuevos deber\u00e1n crear previamente su usuario y contrase\u00f1a, y quienes ya gozan del beneficio deben ingresar con el usuario y contrase\u00f1a ya registradas anteriormente.<\/p>\n<p>Para acceder a informaci\u00f3n importante acerca de las distintas l\u00edneas de becas, formas de inscripci\u00f3n y montos de las becas, haga clic\u00a0<a href=\"http:\/\/www.prensa.mendoza.gov.ar\/wp-content\/uploads\/sites\/5\/2019\/02\/becas-progresar-2.pdf\">aqu\u00ed<\/a>.<\/p>\n<p>F.B.<\/p>\n","protected":false},"excerpt":{"rendered":"<p>Est\u00e1n destinadas a j\u00f3venes de 18 a 24 a\u00f1os. Podr\u00e1n inscribirse del 1 al 31 de marzo en www.argentina.gob.ar\/becasprogresar. La Coordinaci\u00f3n &#8230;<\/p>\n","protected":false},"author":5,"featured_media":45435,"comment_status":"open","ping_status":"open","sticky":false,"template":"","format":"standard","meta":{"footnotes":""},"categories":[5,18],"tags":[],"class_list":["post-48738","post","type-post","status-publish","format-standard","has-post-thumbnail","hentry","category-actualidad","category-educacion"],"_links":{"self":[{"href":"https:\/\/vinasfm.com\/noticias\/wp-json\/wp\/v2\/posts\/48738","targetHints":{"allow":["GET"]}}],"collection":[{"href":"https:\/\/vinasfm.com\/noticias\/wp-json\/wp\/v2\/posts"}],"about":[{"href":"https:\/\/vinasfm.com\/noticias\/wp-json\/wp\/v2\/types\/post"}],"author":[{"embeddable":true,"href":"https:\/\/vinasfm.com\/noticias\/wp-json\/wp\/v2\/users\/5"}],"replies":[{"embeddable":true,"href":"https:\/\/vinasfm.com\/noticias\/wp-json\/wp\/v2\/comments?post=48738"}],"version-history":[{"count":1,"href":"https:\/\/vinasfm.com\/noticias\/wp-json\/wp\/v2\/posts\/48738\/revisions"}],"predecessor-version":[{"id":48739,"href":"https:\/\/vinasfm.com\/noticias\/wp-json\/wp\/v2\/posts\/48738\/revisions\/48739"}],"wp:featuredmedia":[{"embeddable":true,"href":"https:\/\/vinasfm.com\/noticias\/wp-json\/wp\/v2\/media\/45435"}],"wp:attachment":[{"href":"https:\/\/vinasfm.com\/noticias\/wp-json\/wp\/v2\/media?parent=48738"}],"wp:term":[{"taxonomy":"category","embeddable":true,"href":"https:\/\/vinasfm.com\/noticias\/wp-json\/wp\/v2\/categories?post=48738"},{"taxonomy":"post_tag","embeddable":true,"href":"https:\/\/vinasfm.com\/noticias\/wp-json\/wp\/v2\/tags?post=48738"}],"curies":[{"name":"wp","href":"https:\/\/api.w.org\/{rel}","templated":true}]}}