{"id":48734,"date":"2019-03-01T07:34:31","date_gmt":"2019-03-01T10:34:31","guid":{"rendered":"http:\/\/vinasfm.com\/noticias\/?p=48734"},"modified":"2019-03-01T07:34:31","modified_gmt":"2019-03-01T10:34:31","slug":"pro-mendoza-presento-la-agenda-2019-en-alvear","status":"publish","type":"post","link":"https:\/\/vinasfm.com\/noticias\/pro-mendoza-presento-la-agenda-2019-en-alvear\/","title":{"rendered":"PRO MENDOZA PRESENT\u00d3 LA AGENDA 2019 EN ALVEAR"},"content":{"rendered":"<p><strong>La agenda 2019 de Pro Mendoza se present\u00f3 ante productores y gran parte de los exportadores de nuestro departamento. Desde la entidad remarcaron la importancia de contar con un HUB log\u00edstico y aeropuerto de cargas en Alvear.<br \/>\n<\/strong><br \/>\nEl <strong>Multiespacio Bodega Fara\u00f3n<\/strong> fue el escenario de <strong>Pro Mendoza<\/strong> que reuni\u00f3 a exportadores, potenciales exportadores y estudiantes del departamento. Para la presentaci\u00f3n de la agenda 2019 llegaron a nuestro departamento <strong>el<\/strong> <strong>Gerente General de Pro Mendoza Fernando Urdaniz<\/strong> y <strong>Virginia Donatti referente en la zona Sur de Pro Mendoza<\/strong>.<\/p>\n<p><em>\u00abLa agenda 2019 de Pro Mendoza tiene distintos puntos, la promoci\u00f3n de los HUB log\u00edsticos que se est\u00e1n desarrollando a nivel internacional, como las misiones comerciales, rondas de negocios, ya sea en el exterior o aqu\u00ed\u00bb<\/em> mencion\u00f3 <strong>el Secretario de Promoci\u00f3n y Desarrolo Carlos Ponce<\/strong>.<\/p>\n<p>Por su parte <strong>Fernando Urdaniz<\/strong> desatac\u00f3 la importancia que tiene la presencia de <strong>Pro Mendoza<\/strong> en la regi\u00f3n: \u00abEste es el a\u00f1o de despegue para la regi\u00f3n aprovechando algunos factores econ\u00f3micos. Tambi\u00e9n venimos a presentar los HUB log\u00edsticos, algo novedoso en el Pa\u00eds, pero que desde Mendoza ya tenemos experiencia a trav\u00e9s de nuestro HUB en Shangai, China. Tambi\u00e9n hablaremos acerca de nuestros programas de ayuda econ\u00f3mica para las empresas que quieran participar de estos eventos\u00bb.<\/p>\n<p>En cuanto al aeropuerto de cargas proyectado para nuestro departamento, Urdaniz remarc\u00f3 la importancia del proyecto aduciendo que el hecho de que sea General Alvear el lugar elegido para desarrollar este HUB log\u00edstico es de gran importancia, el Gerente de Pro Mendoza dijo: \u00ab<em>Esto es excelente, desde Pro Mendoza tienen todo nuestro apoyo, creemos que es una idea muy buena y seguramente va a ser viable<\/em>\u00ab.<\/p>\n<p>F.B.<\/p>\n","protected":false},"excerpt":{"rendered":"<p>La agenda 2019 de Pro Mendoza se present\u00f3 ante productores y gran parte de los exportadores de nuestro departamento. Desde la &#8230;<\/p>\n","protected":false},"author":5,"featured_media":48735,"comment_status":"open","ping_status":"open","sticky":false,"template":"","format":"standard","meta":{"footnotes":""},"categories":[1],"tags":[],"class_list":["post-48734","post","type-post","status-publish","format-standard","has-post-thumbnail","hentry","category-fmvinas"],"_links":{"self":[{"href":"https:\/\/vinasfm.com\/noticias\/wp-json\/wp\/v2\/posts\/48734","targetHints":{"allow":["GET"]}}],"collection":[{"href":"https:\/\/vinasfm.com\/noticias\/wp-json\/wp\/v2\/posts"}],"about":[{"href":"https:\/\/vinasfm.com\/noticias\/wp-json\/wp\/v2\/types\/post"}],"author":[{"embeddable":true,"href":"https:\/\/vinasfm.com\/noticias\/wp-json\/wp\/v2\/users\/5"}],"replies":[{"embeddable":true,"href":"https:\/\/vinasfm.com\/noticias\/wp-json\/wp\/v2\/comments?post=48734"}],"version-history":[{"count":2,"href":"https:\/\/vinasfm.com\/noticias\/wp-json\/wp\/v2\/posts\/48734\/revisions"}],"predecessor-version":[{"id":48737,"href":"https:\/\/vinasfm.com\/noticias\/wp-json\/wp\/v2\/posts\/48734\/revisions\/48737"}],"wp:featuredmedia":[{"embeddable":true,"href":"https:\/\/vinasfm.com\/noticias\/wp-json\/wp\/v2\/media\/48735"}],"wp:attachment":[{"href":"https:\/\/vinasfm.com\/noticias\/wp-json\/wp\/v2\/media?parent=48734"}],"wp:term":[{"taxonomy":"category","embeddable":true,"href":"https:\/\/vinasfm.com\/noticias\/wp-json\/wp\/v2\/categories?post=48734"},{"taxonomy":"post_tag","embeddable":true,"href":"https:\/\/vinasfm.com\/noticias\/wp-json\/wp\/v2\/tags?post=48734"}],"curies":[{"name":"wp","href":"https:\/\/api.w.org\/{rel}","templated":true}]}}